{"id":890,"date":"2010-11-21T21:42:24","date_gmt":"2010-11-21T20:42:24","guid":{"rendered":"http:\/\/www.andrae.org\/podcast\/?p=890"},"modified":"2010-11-21T22:30:18","modified_gmt":"2010-11-21T21:30:18","slug":"39-nicht-ganz-unsichtbar","status":"publish","type":"post","link":"https:\/\/www.andrae.org\/podcast\/2010\/11\/21\/39-nicht-ganz-unsichtbar\/","title":{"rendered":"#39 &#8211; Nicht ganz unsichtbar"},"content":{"rendered":"<div style=\"width: 210px\" class=\"wp-caption alignright\"><img loading=\"lazy\" decoding=\"async\" src=\"http:\/\/www.andrae.org\/blog\/wp-content\/gallery\/starlet1\/thumbs\/thumbs_img073.jpg\" alt=\"\" width=\"200\" height=\"200\" \/><p class=\"wp-caption-text\">\u00a9 Monika Andrae<\/p><\/div>\n<p>Ziel eines jeden Fotografen, ganz gleich ob Hobbyist oder Profi, ist es doch, die Kamera irgendwann nicht mehr als Fremdk\u00f6rper, sondern im Optimalfall als &#8220;gar nicht mehr da&#8221;, als &#8220;verl\u00e4ngerter Arm&#8221; oder &#8220;drittes Auge&#8221; wahrzunehmen. Es w\u00e4re doch sch\u00f6n, wenn wir die Bilder in unserem Kopf einfach \u00a0nur noch mit der Kamera einsammeln k\u00f6nnten.<\/p>\n<p>Auf de Weg dahin finde ich es ganz praktisch, sich manchmal ganz absichtlich mit einem echten &#8220;Fremdk\u00f6rper&#8221; auf Pirsch zu begeben.<\/p>\n<p><strong>Heute au\u00dferdem in der Sendung: <\/strong>die Stimme aus dem Off, der Fehlerteufel und eine neue Aufgabe &#8211; der eiserne Fotograf #13.<\/p>\n<p><strong>Achtung Fehlerteufel!<\/strong>! In der Sendung habe ich behauptet, es g\u00e4be den Rollei Crossbird <strong>und<\/strong> den Rollei Redbird als 127er Film. Letzteres war ein klassischer Versabbler &#8230; Nicht den Redbird gibt es als 127er, sondern den Nightbird.<\/p>\n<p><strong>Der eiserne Fotograf #13:<\/strong><br \/>\nMache <strong><span style=\"text-decoration: underline;\">ein neues Foto<\/span><\/strong>, das alle folgenden Elemente enth\u00e4lt:<\/p>\n<ol>\n<li>Landschaft &#8211; oder einen Bestandteil davon<\/li>\n<li>&#8220;Wie fr\u00fcher&#8221;<\/li>\n<li>In einem ungew\u00f6hnlichen Format<\/li>\n<\/ol>\n<p>Ihr k\u00f6nnt dazu beliebig viele Bilder schie\u00dfen, mit dem Flickr-Tag mmkef13 versehen und in <a href=\"http:\/\/www.flickr.com\/groups\/motivklingel\/\" target=\"_blank\">diese Flickr-Gruppe<\/a> werfen, aber nur Euer bestes Bild d\u00fcrft Ihr einreichen, in dem Ihr es in den <a href=\"http:\/\/www.flickr.com\/groups\/motivklingel\/discuss\/72157625440030156\/\" target=\"_blank\">dazugeh\u00f6rigen Diskussionsbeitrag<\/a> postet.<\/p>\n<p><strong>Die Aufgabe l\u00e4uft von Montag, den 22. November, bis Mittwoch, den 8. Dezember 2010. <\/strong>Die besten Bilder werden in der Sendung besprochen.<\/p>\n<p>Gewinner jeweils eines in <a href=\"http:\/\/twitpic.com\/1su8gz\" target=\"_blank\">Nepal gestickten Motivklingel-Aufn\u00e4hers (Patch)<\/a> sind Dotmatchbox, Pauline und montuashana. Bittet meldet Euch per Mail bei mir und gebt mir eine Postadresse durch, an die ich den Aufn\u00e4her versenden kann.<\/p>\n<p><strong>Links zu dieser Sendung:<\/strong><\/p>\n<ul>\n<li>Mein <a href=\"http:\/\/www.andrae.org\/blog\/2010\/11\/das-zicklein\/?utm_source=feedburner&amp;utm_medium=feed&amp;utm_campaign=Feed:+Monikaandraecom+(MonikaAndrae.com)\" target=\"_blank\">Blogbeitrag zum Spaziergang mit der kleinen Zicke<\/a><\/li>\n<li>Die <a href=\"http:\/\/www.flickr.com\/groups\/motivklingel\/\" target=\"_blank\">Motivklingelgruppe auf flickr<\/a><\/li>\n<li><a href=\"http:\/\/tfttf.com\/invisiblecamera\" target=\"_blank\">&#8220;The invisible camera&#8221; auf chrismarquardt.com<\/a><\/li>\n<li>Die <a href=\"http:\/\/www.camerapedia.org\/wiki\/Kodak_Brownie_Starlet\" target=\"_blank\">Brownie Starlet auf camerapedia.org<\/a><\/li>\n<\/ul>\n<p><a href=\"http:\/\/www.podtrac.com\/pts\/redirect.mp3\/media.monismotivklingel.de\/mmk039_nichtganzunsichtbar.mp3\" target=\"_blank\">Episode herunterladen<\/a><\/p>\n","protected":false},"excerpt":{"rendered":"<p>Ziel eines jeden Fotografen, ganz gleich ob Hobbyist oder Profi, ist es doch, die Kamera irgendwann nicht mehr als Fremdk\u00f6rper, sondern im Optimalfall als &#8220;gar nicht mehr da&#8221;, als &#8220;verl\u00e4ngerter Arm&#8221; oder &#8220;drittes Auge&#8221; wahrzunehmen. Es w\u00e4re doch sch\u00f6n, wenn wir die Bilder in unserem Kopf einfach \u00a0nur noch mit der Kamera einsammeln k\u00f6nnten. Auf<a class=\"read-more \" href=\"https:\/\/www.andrae.org\/podcast\/2010\/11\/21\/39-nicht-ganz-unsichtbar\/\" title=\"Read More\"> <span class=\"button default\">Read More<\/span><\/a><\/p>\n","protected":false},"author":2,"featured_media":0,"comment_status":"open","ping_status":"open","sticky":false,"template":"","format":"standard","meta":{"ngg_post_thumbnail":0,"footnotes":""},"categories":[1],"tags":[39,68,178,46],"class_list":["post-890","post","type-post","status-publish","format-standard","hentry","category-motivklingel","tag-aufgabe","tag-eiserner-fotograf","tag-fremdkorper","tag-projekt"],"yoast_head":"<!-- This site is optimized with the Yoast SEO plugin v24.1 - https:\/\/yoast.com\/wordpress\/plugins\/seo\/ -->\n<title>#39 - Nicht ganz unsichtbar - Monis Motivklingel<\/title>\n<meta name=\"robots\" content=\"index, follow, max-snippet:-1, max-image-preview:large, max-video-preview:-1\" \/>\n<link rel=\"canonical\" href=\"https:\/\/www.andrae.org\/podcast\/2010\/11\/21\/39-nicht-ganz-unsichtbar\/\" \/>\n<meta property=\"og:locale\" content=\"en_US\" \/>\n<meta property=\"og:type\" content=\"article\" \/>\n<meta property=\"og:title\" content=\"#39 - Nicht ganz unsichtbar - Monis Motivklingel\" \/>\n<meta property=\"og:description\" content=\"Ziel eines jeden Fotografen, ganz gleich ob Hobbyist oder Profi, ist es doch, die Kamera irgendwann nicht mehr als Fremdk\u00f6rper, sondern im Optimalfall als &#8220;gar nicht mehr da&#8221;, als &#8220;verl\u00e4ngerter Arm&#8221; oder &#8220;drittes Auge&#8221; wahrzunehmen. Es w\u00e4re doch sch\u00f6n, wenn wir die Bilder in unserem Kopf einfach \u00a0nur noch mit der Kamera einsammeln k\u00f6nnten. Auf Read More\" \/>\n<meta property=\"og:url\" content=\"https:\/\/www.andrae.org\/podcast\/2010\/11\/21\/39-nicht-ganz-unsichtbar\/\" \/>\n<meta property=\"og:site_name\" content=\"Monis Motivklingel\" \/>\n<meta property=\"article:published_time\" content=\"2010-11-21T20:42:24+00:00\" \/>\n<meta property=\"article:modified_time\" content=\"2010-11-21T21:30:18+00:00\" \/>\n<meta property=\"og:image\" content=\"http:\/\/www.andrae.org\/blog\/wp-content\/gallery\/starlet1\/thumbs\/thumbs_img073.jpg\" \/>\n<meta name=\"author\" content=\"Moni\" \/>\n<meta name=\"twitter:card\" content=\"summary_large_image\" \/>\n<meta name=\"twitter:creator\" content=\"@nahlinse\" \/>\n<meta name=\"twitter:site\" content=\"@nahlinse\" \/>\n<meta name=\"twitter:label1\" content=\"Written by\" \/>\n\t<meta name=\"twitter:data1\" content=\"Moni\" \/>\n\t<meta name=\"twitter:label2\" content=\"Est. reading time\" \/>\n\t<meta name=\"twitter:data2\" content=\"1 minute\" \/>\n<script type=\"application\/ld+json\" class=\"yoast-schema-graph\">{\"@context\":\"https:\/\/schema.org\",\"@graph\":[{\"@type\":\"WebPage\",\"@id\":\"https:\/\/www.andrae.org\/podcast\/2010\/11\/21\/39-nicht-ganz-unsichtbar\/\",\"url\":\"https:\/\/www.andrae.org\/podcast\/2010\/11\/21\/39-nicht-ganz-unsichtbar\/\",\"name\":\"#39 - Nicht ganz unsichtbar - Monis Motivklingel\",\"isPartOf\":{\"@id\":\"https:\/\/www.andrae.org\/podcast\/#website\"},\"primaryImageOfPage\":{\"@id\":\"https:\/\/www.andrae.org\/podcast\/2010\/11\/21\/39-nicht-ganz-unsichtbar\/#primaryimage\"},\"image\":{\"@id\":\"https:\/\/www.andrae.org\/podcast\/2010\/11\/21\/39-nicht-ganz-unsichtbar\/#primaryimage\"},\"thumbnailUrl\":\"http:\/\/www.andrae.org\/blog\/wp-content\/gallery\/starlet1\/thumbs\/thumbs_img073.jpg\",\"datePublished\":\"2010-11-21T20:42:24+00:00\",\"dateModified\":\"2010-11-21T21:30:18+00:00\",\"author\":{\"@id\":\"https:\/\/www.andrae.org\/podcast\/#\/schema\/person\/7f3d1bb5258c637634c17a630fc6e32a\"},\"breadcrumb\":{\"@id\":\"https:\/\/www.andrae.org\/podcast\/2010\/11\/21\/39-nicht-ganz-unsichtbar\/#breadcrumb\"},\"inLanguage\":\"en-US\",\"potentialAction\":[{\"@type\":\"ReadAction\",\"target\":[\"https:\/\/www.andrae.org\/podcast\/2010\/11\/21\/39-nicht-ganz-unsichtbar\/\"]}]},{\"@type\":\"ImageObject\",\"inLanguage\":\"en-US\",\"@id\":\"https:\/\/www.andrae.org\/podcast\/2010\/11\/21\/39-nicht-ganz-unsichtbar\/#primaryimage\",\"url\":\"http:\/\/www.andrae.org\/blog\/wp-content\/gallery\/starlet1\/thumbs\/thumbs_img073.jpg\",\"contentUrl\":\"http:\/\/www.andrae.org\/blog\/wp-content\/gallery\/starlet1\/thumbs\/thumbs_img073.jpg\"},{\"@type\":\"BreadcrumbList\",\"@id\":\"https:\/\/www.andrae.org\/podcast\/2010\/11\/21\/39-nicht-ganz-unsichtbar\/#breadcrumb\",\"itemListElement\":[{\"@type\":\"ListItem\",\"position\":1,\"name\":\"Home\",\"item\":\"https:\/\/www.andrae.org\/podcast\/\"},{\"@type\":\"ListItem\",\"position\":2,\"name\":\"#39 &#8211; Nicht ganz unsichtbar\"}]},{\"@type\":\"WebSite\",\"@id\":\"https:\/\/www.andrae.org\/podcast\/#website\",\"url\":\"https:\/\/www.andrae.org\/podcast\/\",\"name\":\"Monis Motivklingel\",\"description\":\"Im Wesentlichen Fotografie\",\"potentialAction\":[{\"@type\":\"SearchAction\",\"target\":{\"@type\":\"EntryPoint\",\"urlTemplate\":\"https:\/\/www.andrae.org\/podcast\/?s={search_term_string}\"},\"query-input\":{\"@type\":\"PropertyValueSpecification\",\"valueRequired\":true,\"valueName\":\"search_term_string\"}}],\"inLanguage\":\"en-US\"},{\"@type\":\"Person\",\"@id\":\"https:\/\/www.andrae.org\/podcast\/#\/schema\/person\/7f3d1bb5258c637634c17a630fc6e32a\",\"name\":\"Moni\",\"image\":{\"@type\":\"ImageObject\",\"inLanguage\":\"en-US\",\"@id\":\"https:\/\/www.andrae.org\/podcast\/#\/schema\/person\/image\/\",\"url\":\"https:\/\/secure.gravatar.com\/avatar\/36e111922c0b8122d3fd7b9202b76c6d?s=96&d=mm&r=g\",\"contentUrl\":\"https:\/\/secure.gravatar.com\/avatar\/36e111922c0b8122d3fd7b9202b76c6d?s=96&d=mm&r=g\",\"caption\":\"Moni\"},\"sameAs\":[\"http:\/\/\"],\"url\":\"https:\/\/www.andrae.org\/podcast\/author\/moni\/\"}]}<\/script>\n<!-- \/ Yoast SEO plugin. -->","yoast_head_json":{"title":"#39 - Nicht ganz unsichtbar - Monis Motivklingel","robots":{"index":"index","follow":"follow","max-snippet":"max-snippet:-1","max-image-preview":"max-image-preview:large","max-video-preview":"max-video-preview:-1"},"canonical":"https:\/\/www.andrae.org\/podcast\/2010\/11\/21\/39-nicht-ganz-unsichtbar\/","og_locale":"en_US","og_type":"article","og_title":"#39 - Nicht ganz unsichtbar - Monis Motivklingel","og_description":"Ziel eines jeden Fotografen, ganz gleich ob Hobbyist oder Profi, ist es doch, die Kamera irgendwann nicht mehr als Fremdk\u00f6rper, sondern im Optimalfall als &#8220;gar nicht mehr da&#8221;, als &#8220;verl\u00e4ngerter Arm&#8221; oder &#8220;drittes Auge&#8221; wahrzunehmen. Es w\u00e4re doch sch\u00f6n, wenn wir die Bilder in unserem Kopf einfach \u00a0nur noch mit der Kamera einsammeln k\u00f6nnten. Auf Read More","og_url":"https:\/\/www.andrae.org\/podcast\/2010\/11\/21\/39-nicht-ganz-unsichtbar\/","og_site_name":"Monis Motivklingel","article_published_time":"2010-11-21T20:42:24+00:00","article_modified_time":"2010-11-21T21:30:18+00:00","og_image":[{"url":"http:\/\/www.andrae.org\/blog\/wp-content\/gallery\/starlet1\/thumbs\/thumbs_img073.jpg","type":"","width":"","height":""}],"author":"Moni","twitter_card":"summary_large_image","twitter_creator":"@nahlinse","twitter_site":"@nahlinse","twitter_misc":{"Written by":"Moni","Est. reading time":"1 minute"},"schema":{"@context":"https:\/\/schema.org","@graph":[{"@type":"WebPage","@id":"https:\/\/www.andrae.org\/podcast\/2010\/11\/21\/39-nicht-ganz-unsichtbar\/","url":"https:\/\/www.andrae.org\/podcast\/2010\/11\/21\/39-nicht-ganz-unsichtbar\/","name":"#39 - Nicht ganz unsichtbar - Monis Motivklingel","isPartOf":{"@id":"https:\/\/www.andrae.org\/podcast\/#website"},"primaryImageOfPage":{"@id":"https:\/\/www.andrae.org\/podcast\/2010\/11\/21\/39-nicht-ganz-unsichtbar\/#primaryimage"},"image":{"@id":"https:\/\/www.andrae.org\/podcast\/2010\/11\/21\/39-nicht-ganz-unsichtbar\/#primaryimage"},"thumbnailUrl":"http:\/\/www.andrae.org\/blog\/wp-content\/gallery\/starlet1\/thumbs\/thumbs_img073.jpg","datePublished":"2010-11-21T20:42:24+00:00","dateModified":"2010-11-21T21:30:18+00:00","author":{"@id":"https:\/\/www.andrae.org\/podcast\/#\/schema\/person\/7f3d1bb5258c637634c17a630fc6e32a"},"breadcrumb":{"@id":"https:\/\/www.andrae.org\/podcast\/2010\/11\/21\/39-nicht-ganz-unsichtbar\/#breadcrumb"},"inLanguage":"en-US","potentialAction":[{"@type":"ReadAction","target":["https:\/\/www.andrae.org\/podcast\/2010\/11\/21\/39-nicht-ganz-unsichtbar\/"]}]},{"@type":"ImageObject","inLanguage":"en-US","@id":"https:\/\/www.andrae.org\/podcast\/2010\/11\/21\/39-nicht-ganz-unsichtbar\/#primaryimage","url":"http:\/\/www.andrae.org\/blog\/wp-content\/gallery\/starlet1\/thumbs\/thumbs_img073.jpg","contentUrl":"http:\/\/www.andrae.org\/blog\/wp-content\/gallery\/starlet1\/thumbs\/thumbs_img073.jpg"},{"@type":"BreadcrumbList","@id":"https:\/\/www.andrae.org\/podcast\/2010\/11\/21\/39-nicht-ganz-unsichtbar\/#breadcrumb","itemListElement":[{"@type":"ListItem","position":1,"name":"Home","item":"https:\/\/www.andrae.org\/podcast\/"},{"@type":"ListItem","position":2,"name":"#39 &#8211; Nicht ganz unsichtbar"}]},{"@type":"WebSite","@id":"https:\/\/www.andrae.org\/podcast\/#website","url":"https:\/\/www.andrae.org\/podcast\/","name":"Monis Motivklingel","description":"Im Wesentlichen Fotografie","potentialAction":[{"@type":"SearchAction","target":{"@type":"EntryPoint","urlTemplate":"https:\/\/www.andrae.org\/podcast\/?s={search_term_string}"},"query-input":{"@type":"PropertyValueSpecification","valueRequired":true,"valueName":"search_term_string"}}],"inLanguage":"en-US"},{"@type":"Person","@id":"https:\/\/www.andrae.org\/podcast\/#\/schema\/person\/7f3d1bb5258c637634c17a630fc6e32a","name":"Moni","image":{"@type":"ImageObject","inLanguage":"en-US","@id":"https:\/\/www.andrae.org\/podcast\/#\/schema\/person\/image\/","url":"https:\/\/secure.gravatar.com\/avatar\/36e111922c0b8122d3fd7b9202b76c6d?s=96&d=mm&r=g","contentUrl":"https:\/\/secure.gravatar.com\/avatar\/36e111922c0b8122d3fd7b9202b76c6d?s=96&d=mm&r=g","caption":"Moni"},"sameAs":["http:\/\/"],"url":"https:\/\/www.andrae.org\/podcast\/author\/moni\/"}]}},"_links":{"self":[{"href":"https:\/\/www.andrae.org\/podcast\/wp-json\/wp\/v2\/posts\/890","targetHints":{"allow":["GET"]}}],"collection":[{"href":"https:\/\/www.andrae.org\/podcast\/wp-json\/wp\/v2\/posts"}],"about":[{"href":"https:\/\/www.andrae.org\/podcast\/wp-json\/wp\/v2\/types\/post"}],"author":[{"embeddable":true,"href":"https:\/\/www.andrae.org\/podcast\/wp-json\/wp\/v2\/users\/2"}],"replies":[{"embeddable":true,"href":"https:\/\/www.andrae.org\/podcast\/wp-json\/wp\/v2\/comments?post=890"}],"version-history":[{"count":9,"href":"https:\/\/www.andrae.org\/podcast\/wp-json\/wp\/v2\/posts\/890\/revisions"}],"predecessor-version":[{"id":898,"href":"https:\/\/www.andrae.org\/podcast\/wp-json\/wp\/v2\/posts\/890\/revisions\/898"}],"wp:attachment":[{"href":"https:\/\/www.andrae.org\/podcast\/wp-json\/wp\/v2\/media?parent=890"}],"wp:term":[{"taxonomy":"category","embeddable":true,"href":"https:\/\/www.andrae.org\/podcast\/wp-json\/wp\/v2\/categories?post=890"},{"taxonomy":"post_tag","embeddable":true,"href":"https:\/\/www.andrae.org\/podcast\/wp-json\/wp\/v2\/tags?post=890"}],"curies":[{"name":"wp","href":"https:\/\/api.w.org\/{rel}","templated":true}]}}