{"id":857,"date":"2010-08-25T07:27:45","date_gmt":"2010-08-25T06:27:45","guid":{"rendered":"http:\/\/www.andrae.org\/podcast\/?p=857"},"modified":"2010-08-25T07:29:34","modified_gmt":"2010-08-25T06:29:34","slug":"37-personlich","status":"publish","type":"post","link":"https:\/\/www.andrae.org\/podcast\/2010\/08\/25\/37-personlich\/","title":{"rendered":"#37 &#8211; Pers\u00f6nlich"},"content":{"rendered":"<div style=\"width: 250px\" class=\"wp-caption alignright\"><a href=\"http:\/\/www.flickr.com\/photos\/nahlinse\/4456857618\/in\/set-72157604413308481\/lightbox\/\"><img loading=\"lazy\" decoding=\"async\" title=\"nepali man\" src=\"http:\/\/farm5.static.flickr.com\/4068\/4456857618_f26284a52b_m.jpg\" alt=\"\" width=\"240\" height=\"161\" \/><\/a><p class=\"wp-caption-text\">nepali man, \u00a9 Monika Andrae<\/p><\/div>\n<p>Keine Lust mehr auf Architektur, verfallene Industriest\u00e4tten, Blumen, Abstraktes oder Haustiere? Vielleicht ist es an der Zeit die Motivpalette um &#8220;Menschliches&#8221; zu erweitern. Menschen machen ein Bild lebendig und helfen, damit eine Geschichte zu erz\u00e4hlen.<\/p>\n<p>Heute geht es in der Sendung um das, worauf man bei der Fotografie von Menschen achten sollte\u00a0&#8211; sei es bei Fotos von &#8220;unterwegs&#8221; (Street Photography) \u00a0oder bei Portrait-Projekten . Es geht um kreative Entscheidungen, die man treffen sollte und den Einfluss des Fotografen auf das Bildergebnis.<\/p>\n<p>Au\u00dferdem schaue ich zur\u00fcck auf Folge &#8220;#35 &#8211; Serie nicht Seifenoper&#8221;. Stefanie schickt ein pers\u00f6nliches Beispielprojekt zum Thema Serie, die Namensammlung als Geburtstagsgeschenk. (Klick auf das Vorschaubild macht gro\u00df)<\/p>\nngg_shortcode_0_placeholder\n<p>Der Eiserne Fotograf Nr 11 wurde aufgel\u00f6st und zwei Gewinner f\u00fcr die Verlosung ermittelt.<\/p>\n<p><strong>Aufl\u00f6sung des letzten Eisernen Fotografen (#11)<\/strong><\/p>\n<ul>\n<li><a href=\"http:\/\/www.flickr.com\/photos\/15576471@N07\/4898413652\/\" target=\"_blank\">Bild &#8220;Ausr\u00fcstung&#8221;<\/a> von daffi-md:<\/li>\n<li><a href=\"http:\/\/www.flickr.com\/photos\/7944769@N03\/4907494461\/\" target=\"_blank\">Bild &#8220;L\u00e4ufertypen&#8221;<\/a> von dotmatchbox<\/li>\n<li><a href=\"http:\/\/www.flickr.com\/photos\/crozefeet\/4908827416\/\" target=\"_blank\">Bild &#8220;one life is a heavy load&#8221;<\/a> von crozefeet<\/li>\n<li><a href=\"http:\/\/www.flickr.com\/groups\/motivklingel\/discuss\/72157624536796115\/\" target=\"_blank\">Diskussionsbeitrag auf Flickr mit allen eingereichten Bildern<\/a><\/li>\n<li>In der Sendung wurden die zwei Gewinner der Photokina Tageskarten gezogen, Migowa und WicketF bitte schreibt mir eine Mail.<\/li>\n<\/ul>\n<p>Beim (n\u00e4chsten) Eisernen Fotografen #12 kommen noch einmal je 3&#215;1 Tageskarte in den Los-Topf.<\/p>\n<p><strong>Der Eiserne Fotograf #12:<\/strong><br \/>\nMache\u00a0<span style=\"text-decoration: underline;\"><strong>ein neues Foto<\/strong><\/span>, das alle folgenden Elemente enth\u00e4lt:<\/p>\n<ol>\n<li>Wie in einem Traum<\/li>\n<li>Etwas, das mit &#8220;M&#8221; beginnt<\/li>\n<li>kein Bett<\/li>\n<\/ol>\n<p>Ihr k\u00f6nnt dazu beliebig viele Bilder schie\u00dfen, mit dem Flickr-Tag mmkef12 versehen und in\u00a0<a href=\"http:\/\/www.flickr.com\/groups\/motivklingel\/\" target=\"_blank\">diese Flickr-Gruppe<\/a> werfen, aber nur Euer bestes Bild d\u00fcrft Ihr einreichen. Die Karten werden unter den Teilnehmern verlost, die ein Bild in den\u00a0<a href=\"http:\/\/www.flickr.com\/groups\/motivklingel\/discuss\/72157624802796060\/\" target=\"_blank\">Diskussions-Beitrag auf Flickr<\/a> gepostet haben.<br \/>\n<strong>Die Aufgabe\u00a0l\u00e4uft von Mittwoch, den 25. August, bis Donnerstag, den 9. September 2010.<\/strong> Die besten Bilder werden in der Sendung besprochen.<\/p>\n<p><strong>Mehr Links zur Sendung:<\/strong><\/p>\n<ul>\n<li><a href=\"http:\/\/de.wikipedia.org\/wiki\/Modelvertrag\" target=\"_blank\">Modelvertr\u00e4ge \/\/ Model Releases bei wikipedia<\/a><\/li>\n<li><a href=\"http:\/\/de.wikipedia.org\/wiki\/Modelvertrag\" target=\"_blank\"><\/a>Model-Release Mustervertr\u00e4ge:<br \/>\n<a href=\"http:\/\/www.digitalstock.de\/doku\/modelrelease_digitalstock.pdf\" target=\"_blank\">Link  1<\/a> &#8211; \t<a href=\"http:\/\/www.dreamstime.com\/model_release_DE_minor.pdf\" target=\"_blank\">Link 2<\/a> &#8211;   \t<a href=\"http:\/\/www.dreamstime.com\/model_release_DE.pdf\" target=\"_blank\">Link 3<\/a> &#8211;  \t<a href=\"http:\/\/www.panthermedia.net\/index.php?page=cms\/pages\/display2.php&amp;cms_id=96&amp;blanc=on\" target=\"_blank\">Link  4<\/a><\/li>\n<li><a href=\"http:\/\/www.panthermedia.net\/index.php?page=cms\/pages\/display2.php&amp;cms_id=96&amp;blanc=on\" target=\"_blank\"><\/a>iPhone-App f\u00fcr <a href=\"http:\/\/itunes.apple.com\/us\/app\/easy-release\/id360835268\" target=\"_blank\">Model-Releases<\/a><\/li>\n<li><a href=\"http:\/\/www.flickr.com\/groups\/motivklingel\/\" target=\"_blank\">Flickr-Gruppe<\/a> zu Monis Motivklingel<\/li>\n<\/ul>\n<p><a href=\"http:\/\/www.podtrac.com\/pts\/redirect.mp3\/media.monismotivklingel.de\/mmk037_persoenlich.mp3\" target=\"_blank\">Episode herunterladen<\/a><\/p>\n","protected":false},"excerpt":{"rendered":"<p>Keine Lust mehr auf Architektur, verfallene Industriest\u00e4tten, Blumen, Abstraktes oder Haustiere? Vielleicht ist es an der Zeit die Motivpalette um &#8220;Menschliches&#8221; zu erweitern. Menschen machen ein Bild lebendig und helfen, damit eine Geschichte zu erz\u00e4hlen.<a class=\"read-more \" href=\"https:\/\/www.andrae.org\/podcast\/2010\/08\/25\/37-personlich\/\" title=\"Read More\"> <span class=\"button default\">Read More<\/span><\/a><\/p>\n","protected":false},"author":2,"featured_media":0,"comment_status":"open","ping_status":"open","sticky":false,"template":"","format":"standard","meta":{"ngg_post_thumbnail":0,"footnotes":""},"categories":[1],"tags":[171,68,169,52,173,172,168,174,106,154,170],"class_list":["post-857","post","type-post","status-publish","format-standard","hentry","category-motivklingel","tag-candid","tag-eiserner-fotograf","tag-geschichten","tag-menschen","tag-model-release","tag-model-vertrag","tag-personen","tag-photokina","tag-portrait","tag-serie","tag-street-photography"],"yoast_head":"<!-- This site is optimized with the Yoast SEO plugin v24.1 - https:\/\/yoast.com\/wordpress\/plugins\/seo\/ -->\n<title>#37 - Pers\u00f6nlich - Monis Motivklingel<\/title>\n<meta name=\"robots\" content=\"index, follow, max-snippet:-1, max-image-preview:large, max-video-preview:-1\" \/>\n<link rel=\"canonical\" href=\"https:\/\/www.andrae.org\/podcast\/2010\/08\/25\/37-personlich\/\" \/>\n<meta property=\"og:locale\" content=\"en_US\" \/>\n<meta property=\"og:type\" content=\"article\" \/>\n<meta property=\"og:title\" content=\"#37 - Pers\u00f6nlich - Monis Motivklingel\" \/>\n<meta property=\"og:description\" content=\"Keine Lust mehr auf Architektur, verfallene Industriest\u00e4tten, Blumen, Abstraktes oder Haustiere? Vielleicht ist es an der Zeit die Motivpalette um &quot;Menschliches&quot; zu erweitern. Menschen machen ein Bild lebendig und helfen, damit eine Geschichte zu erz\u00e4hlen. Read More\" \/>\n<meta property=\"og:url\" content=\"https:\/\/www.andrae.org\/podcast\/2010\/08\/25\/37-personlich\/\" \/>\n<meta property=\"og:site_name\" content=\"Monis Motivklingel\" \/>\n<meta property=\"article:published_time\" content=\"2010-08-25T06:27:45+00:00\" \/>\n<meta property=\"article:modified_time\" content=\"2010-08-25T06:29:34+00:00\" \/>\n<meta property=\"og:image\" content=\"http:\/\/farm5.static.flickr.com\/4068\/4456857618_f26284a52b_m.jpg\" \/>\n<meta name=\"author\" content=\"Moni\" \/>\n<meta name=\"twitter:card\" content=\"summary_large_image\" \/>\n<meta name=\"twitter:creator\" content=\"@nahlinse\" \/>\n<meta name=\"twitter:site\" content=\"@nahlinse\" \/>\n<meta name=\"twitter:label1\" content=\"Written by\" \/>\n\t<meta name=\"twitter:data1\" content=\"Moni\" \/>\n\t<meta name=\"twitter:label2\" content=\"Est. reading time\" \/>\n\t<meta name=\"twitter:data2\" content=\"2 minutes\" \/>\n<script type=\"application\/ld+json\" class=\"yoast-schema-graph\">{\"@context\":\"https:\/\/schema.org\",\"@graph\":[{\"@type\":\"WebPage\",\"@id\":\"https:\/\/www.andrae.org\/podcast\/2010\/08\/25\/37-personlich\/\",\"url\":\"https:\/\/www.andrae.org\/podcast\/2010\/08\/25\/37-personlich\/\",\"name\":\"#37 - Pers\u00f6nlich - Monis Motivklingel\",\"isPartOf\":{\"@id\":\"https:\/\/www.andrae.org\/podcast\/#website\"},\"primaryImageOfPage\":{\"@id\":\"https:\/\/www.andrae.org\/podcast\/2010\/08\/25\/37-personlich\/#primaryimage\"},\"image\":{\"@id\":\"https:\/\/www.andrae.org\/podcast\/2010\/08\/25\/37-personlich\/#primaryimage\"},\"thumbnailUrl\":\"http:\/\/farm5.static.flickr.com\/4068\/4456857618_f26284a52b_m.jpg\",\"datePublished\":\"2010-08-25T06:27:45+00:00\",\"dateModified\":\"2010-08-25T06:29:34+00:00\",\"author\":{\"@id\":\"https:\/\/www.andrae.org\/podcast\/#\/schema\/person\/7f3d1bb5258c637634c17a630fc6e32a\"},\"breadcrumb\":{\"@id\":\"https:\/\/www.andrae.org\/podcast\/2010\/08\/25\/37-personlich\/#breadcrumb\"},\"inLanguage\":\"en-US\",\"potentialAction\":[{\"@type\":\"ReadAction\",\"target\":[\"https:\/\/www.andrae.org\/podcast\/2010\/08\/25\/37-personlich\/\"]}]},{\"@type\":\"ImageObject\",\"inLanguage\":\"en-US\",\"@id\":\"https:\/\/www.andrae.org\/podcast\/2010\/08\/25\/37-personlich\/#primaryimage\",\"url\":\"http:\/\/farm5.static.flickr.com\/4068\/4456857618_f26284a52b_m.jpg\",\"contentUrl\":\"http:\/\/farm5.static.flickr.com\/4068\/4456857618_f26284a52b_m.jpg\"},{\"@type\":\"BreadcrumbList\",\"@id\":\"https:\/\/www.andrae.org\/podcast\/2010\/08\/25\/37-personlich\/#breadcrumb\",\"itemListElement\":[{\"@type\":\"ListItem\",\"position\":1,\"name\":\"Home\",\"item\":\"https:\/\/www.andrae.org\/podcast\/\"},{\"@type\":\"ListItem\",\"position\":2,\"name\":\"#37 &#8211; Pers\u00f6nlich\"}]},{\"@type\":\"WebSite\",\"@id\":\"https:\/\/www.andrae.org\/podcast\/#website\",\"url\":\"https:\/\/www.andrae.org\/podcast\/\",\"name\":\"Monis Motivklingel\",\"description\":\"Im Wesentlichen Fotografie\",\"potentialAction\":[{\"@type\":\"SearchAction\",\"target\":{\"@type\":\"EntryPoint\",\"urlTemplate\":\"https:\/\/www.andrae.org\/podcast\/?s={search_term_string}\"},\"query-input\":{\"@type\":\"PropertyValueSpecification\",\"valueRequired\":true,\"valueName\":\"search_term_string\"}}],\"inLanguage\":\"en-US\"},{\"@type\":\"Person\",\"@id\":\"https:\/\/www.andrae.org\/podcast\/#\/schema\/person\/7f3d1bb5258c637634c17a630fc6e32a\",\"name\":\"Moni\",\"image\":{\"@type\":\"ImageObject\",\"inLanguage\":\"en-US\",\"@id\":\"https:\/\/www.andrae.org\/podcast\/#\/schema\/person\/image\/\",\"url\":\"https:\/\/secure.gravatar.com\/avatar\/36e111922c0b8122d3fd7b9202b76c6d?s=96&d=mm&r=g\",\"contentUrl\":\"https:\/\/secure.gravatar.com\/avatar\/36e111922c0b8122d3fd7b9202b76c6d?s=96&d=mm&r=g\",\"caption\":\"Moni\"},\"sameAs\":[\"http:\/\/\"],\"url\":\"https:\/\/www.andrae.org\/podcast\/author\/moni\/\"}]}<\/script>\n<!-- \/ Yoast SEO plugin. -->","yoast_head_json":{"title":"#37 - Pers\u00f6nlich - Monis Motivklingel","robots":{"index":"index","follow":"follow","max-snippet":"max-snippet:-1","max-image-preview":"max-image-preview:large","max-video-preview":"max-video-preview:-1"},"canonical":"https:\/\/www.andrae.org\/podcast\/2010\/08\/25\/37-personlich\/","og_locale":"en_US","og_type":"article","og_title":"#37 - Pers\u00f6nlich - Monis Motivklingel","og_description":"Keine Lust mehr auf Architektur, verfallene Industriest\u00e4tten, Blumen, Abstraktes oder Haustiere? Vielleicht ist es an der Zeit die Motivpalette um \"Menschliches\" zu erweitern. Menschen machen ein Bild lebendig und helfen, damit eine Geschichte zu erz\u00e4hlen. Read More","og_url":"https:\/\/www.andrae.org\/podcast\/2010\/08\/25\/37-personlich\/","og_site_name":"Monis Motivklingel","article_published_time":"2010-08-25T06:27:45+00:00","article_modified_time":"2010-08-25T06:29:34+00:00","og_image":[{"url":"http:\/\/farm5.static.flickr.com\/4068\/4456857618_f26284a52b_m.jpg","type":"","width":"","height":""}],"author":"Moni","twitter_card":"summary_large_image","twitter_creator":"@nahlinse","twitter_site":"@nahlinse","twitter_misc":{"Written by":"Moni","Est. reading time":"2 minutes"},"schema":{"@context":"https:\/\/schema.org","@graph":[{"@type":"WebPage","@id":"https:\/\/www.andrae.org\/podcast\/2010\/08\/25\/37-personlich\/","url":"https:\/\/www.andrae.org\/podcast\/2010\/08\/25\/37-personlich\/","name":"#37 - Pers\u00f6nlich - Monis Motivklingel","isPartOf":{"@id":"https:\/\/www.andrae.org\/podcast\/#website"},"primaryImageOfPage":{"@id":"https:\/\/www.andrae.org\/podcast\/2010\/08\/25\/37-personlich\/#primaryimage"},"image":{"@id":"https:\/\/www.andrae.org\/podcast\/2010\/08\/25\/37-personlich\/#primaryimage"},"thumbnailUrl":"http:\/\/farm5.static.flickr.com\/4068\/4456857618_f26284a52b_m.jpg","datePublished":"2010-08-25T06:27:45+00:00","dateModified":"2010-08-25T06:29:34+00:00","author":{"@id":"https:\/\/www.andrae.org\/podcast\/#\/schema\/person\/7f3d1bb5258c637634c17a630fc6e32a"},"breadcrumb":{"@id":"https:\/\/www.andrae.org\/podcast\/2010\/08\/25\/37-personlich\/#breadcrumb"},"inLanguage":"en-US","potentialAction":[{"@type":"ReadAction","target":["https:\/\/www.andrae.org\/podcast\/2010\/08\/25\/37-personlich\/"]}]},{"@type":"ImageObject","inLanguage":"en-US","@id":"https:\/\/www.andrae.org\/podcast\/2010\/08\/25\/37-personlich\/#primaryimage","url":"http:\/\/farm5.static.flickr.com\/4068\/4456857618_f26284a52b_m.jpg","contentUrl":"http:\/\/farm5.static.flickr.com\/4068\/4456857618_f26284a52b_m.jpg"},{"@type":"BreadcrumbList","@id":"https:\/\/www.andrae.org\/podcast\/2010\/08\/25\/37-personlich\/#breadcrumb","itemListElement":[{"@type":"ListItem","position":1,"name":"Home","item":"https:\/\/www.andrae.org\/podcast\/"},{"@type":"ListItem","position":2,"name":"#37 &#8211; Pers\u00f6nlich"}]},{"@type":"WebSite","@id":"https:\/\/www.andrae.org\/podcast\/#website","url":"https:\/\/www.andrae.org\/podcast\/","name":"Monis Motivklingel","description":"Im Wesentlichen Fotografie","potentialAction":[{"@type":"SearchAction","target":{"@type":"EntryPoint","urlTemplate":"https:\/\/www.andrae.org\/podcast\/?s={search_term_string}"},"query-input":{"@type":"PropertyValueSpecification","valueRequired":true,"valueName":"search_term_string"}}],"inLanguage":"en-US"},{"@type":"Person","@id":"https:\/\/www.andrae.org\/podcast\/#\/schema\/person\/7f3d1bb5258c637634c17a630fc6e32a","name":"Moni","image":{"@type":"ImageObject","inLanguage":"en-US","@id":"https:\/\/www.andrae.org\/podcast\/#\/schema\/person\/image\/","url":"https:\/\/secure.gravatar.com\/avatar\/36e111922c0b8122d3fd7b9202b76c6d?s=96&d=mm&r=g","contentUrl":"https:\/\/secure.gravatar.com\/avatar\/36e111922c0b8122d3fd7b9202b76c6d?s=96&d=mm&r=g","caption":"Moni"},"sameAs":["http:\/\/"],"url":"https:\/\/www.andrae.org\/podcast\/author\/moni\/"}]}},"_links":{"self":[{"href":"https:\/\/www.andrae.org\/podcast\/wp-json\/wp\/v2\/posts\/857","targetHints":{"allow":["GET"]}}],"collection":[{"href":"https:\/\/www.andrae.org\/podcast\/wp-json\/wp\/v2\/posts"}],"about":[{"href":"https:\/\/www.andrae.org\/podcast\/wp-json\/wp\/v2\/types\/post"}],"author":[{"embeddable":true,"href":"https:\/\/www.andrae.org\/podcast\/wp-json\/wp\/v2\/users\/2"}],"replies":[{"embeddable":true,"href":"https:\/\/www.andrae.org\/podcast\/wp-json\/wp\/v2\/comments?post=857"}],"version-history":[{"count":14,"href":"https:\/\/www.andrae.org\/podcast\/wp-json\/wp\/v2\/posts\/857\/revisions"}],"predecessor-version":[{"id":870,"href":"https:\/\/www.andrae.org\/podcast\/wp-json\/wp\/v2\/posts\/857\/revisions\/870"}],"wp:attachment":[{"href":"https:\/\/www.andrae.org\/podcast\/wp-json\/wp\/v2\/media?parent=857"}],"wp:term":[{"taxonomy":"category","embeddable":true,"href":"https:\/\/www.andrae.org\/podcast\/wp-json\/wp\/v2\/categories?post=857"},{"taxonomy":"post_tag","embeddable":true,"href":"https:\/\/www.andrae.org\/podcast\/wp-json\/wp\/v2\/tags?post=857"}],"curies":[{"name":"wp","href":"https:\/\/api.w.org\/{rel}","templated":true}]}}