{"id":721,"date":"2010-02-25T06:26:39","date_gmt":"2010-02-25T05:26:39","guid":{"rendered":"http:\/\/www.andrae.org\/podcast\/?p=721"},"modified":"2010-02-25T20:51:31","modified_gmt":"2010-02-25T19:51:31","slug":"29-schwarz-weis","status":"publish","type":"post","link":"https:\/\/www.andrae.org\/podcast\/2010\/02\/25\/29-schwarz-weis\/","title":{"rendered":"#29 &#8211; Schwarz &#038; Wei\u00df"},"content":{"rendered":"<div style=\"width: 250px\" class=\"wp-caption alignright\"><a href=\"http:\/\/bighugelabs.com\/onblack.php?id=2705981002&amp;size=large\"><img loading=\"lazy\" decoding=\"async\" title=\"Its all about garbage\" src=\"http:\/\/farm4.static.flickr.com\/3128\/2705981002_97dd7bb850_m.jpg\" alt=\"Its all about garbage, \u00a9 Monika Andrae\" width=\"240\" height=\"161\" \/><\/a><p class=\"wp-caption-text\">It&#39;s all about garbage, \u00a9 Monika Andrae<\/p><\/div>\n<p>Die heutige Sendung g\u00e4be es nicht ohne Euer Feedback. Sowohl beim Hauptthema als auch beim Buchtipp greife ich auf Fragen bzw. Ideen von Euch zur\u00fcck. Danke daf\u00fcr! \ud83d\ude42<\/p>\n<p><strong>Den Anfang machen zwei Fragen von Pauline: <\/strong><\/p>\n<ul>\n<li>Was macht ein gutes Schwarzwei\u00dfbild aus?<\/li>\n<li>Worauf muss ich bei einem Schwarzwei\u00df-Fotospaziergang achten?<\/li>\n<\/ul>\n<p>Au\u00dferdem gibt es heute wieder einen Buchtipp. Den Hinweis auf das vorgestellte Buch habe ich auch \u00fcber twitter erhalten. Leider wei\u00df ich nicht mehr von wem, weil twitter eine ganze Reihe meiner Favoriten &#8220;vergessen&#8221; hat.\u00a0Lieber twitter-Follower mit dem guten Buchgeschmack &#8211; wenn Du Dich wiedererkennst, melde Dich gerne in den Kommentaren. \ud83d\ude42<\/p>\n<p><strong>Buchtipp:<\/strong> Harald Mante: Photography Unplugged. dpunkt.verlag 2009<\/p>\n<ul>\n<li><a href=\"http:\/\/www.amazon.de\/gp\/product\/3898646041\/ref=s9_simh_gw_p14_i1?pf_rd_m=A3JWKAKR8XB7XF&amp;pf_rd_s=center-1&amp;pf_rd_r=19HNRNVVMM3DDPJQQNPC&amp;pf_rd_t=101&amp;pf_rd_p=463375193&amp;pf_rd_i=301128\" target=\"_blank\">&#8220;Photography Unplugged&#8221; bei amazon.de<\/a><\/li>\n<li><a href=\"http:\/\/www.dpunkt.de\/buecher\/3075.html\" target=\"_blank\">&#8220;Photography Unplugged&#8221; beim dpunkt.verlag<\/a><\/li>\n<li><a style=\"color: #111111; text-decoration: underline;\" href=\"http:\/\/www.edition-dpunkt.de\/\" target=\"_new\">edition.dpunkt: Harald Mante<\/a><\/li>\n<\/ul>\n<p><a href=\"http:\/\/www.podtrac.com\/pts\/redirect.mp3\/media.monismotivklingel.de\/mmk029_schwarzundweiss.mp3\" target=\"_blank\">Episode herunterladen<\/a><\/p>\n","protected":false},"excerpt":{"rendered":"<p>Die heutige Sendung g\u00e4be es nicht ohne Euer Feedback. Sowohl beim Hauptthema als auch beim Buchtipp greife ich auf Fragen bzw. Ideen von Euch zur\u00fcck. Danke daf\u00fcr! \ud83d\ude42<\/p>\n<p>Den Anfang machen zwei Fragen von Pauline: Was macht ein gutes Schwarzwei\u00dfbild aus? Worauf muss ich bei einem Schwarzwei\u00df-Fotospaziergang achten?<a class=\"read-more \" href=\"https:\/\/www.andrae.org\/podcast\/2010\/02\/25\/29-schwarz-weis\/\" title=\"Read More\"> <span class=\"button default\">Read More<\/span><\/a><\/p>\n","protected":false},"author":2,"featured_media":0,"comment_status":"open","ping_status":"open","sticky":false,"template":"","format":"standard","meta":{"ngg_post_thumbnail":0,"footnotes":""},"categories":[1],"tags":[88,26,35,34],"class_list":["post-721","post","type-post","status-publish","format-standard","hentry","category-motivklingel","tag-buchtipp","tag-rezension","tag-sw","tag-schwarzweis"],"yoast_head":"<!-- This site is optimized with the Yoast SEO plugin v24.1 - https:\/\/yoast.com\/wordpress\/plugins\/seo\/ -->\n<title>#29 - Schwarz &amp; Wei\u00df - Monis Motivklingel<\/title>\n<meta name=\"robots\" content=\"index, follow, max-snippet:-1, max-image-preview:large, max-video-preview:-1\" \/>\n<link rel=\"canonical\" href=\"https:\/\/www.andrae.org\/podcast\/2010\/02\/25\/29-schwarz-weis\/\" \/>\n<meta property=\"og:locale\" content=\"en_US\" \/>\n<meta property=\"og:type\" content=\"article\" \/>\n<meta property=\"og:title\" content=\"#29 - Schwarz &amp; Wei\u00df - Monis Motivklingel\" \/>\n<meta property=\"og:description\" content=\"Die heutige Sendung g\u00e4be es nicht ohne Euer Feedback. Sowohl beim Hauptthema als auch beim Buchtipp greife ich auf Fragen bzw. Ideen von Euch zur\u00fcck. Danke daf\u00fcr! :-)  Den Anfang machen zwei Fragen von Pauline: Was macht ein gutes Schwarzwei\u00dfbild aus? Worauf muss ich bei einem Schwarzwei\u00df-Fotospaziergang achten? Read More\" \/>\n<meta property=\"og:url\" content=\"https:\/\/www.andrae.org\/podcast\/2010\/02\/25\/29-schwarz-weis\/\" \/>\n<meta property=\"og:site_name\" content=\"Monis Motivklingel\" \/>\n<meta property=\"article:published_time\" content=\"2010-02-25T05:26:39+00:00\" \/>\n<meta property=\"article:modified_time\" content=\"2010-02-25T19:51:31+00:00\" \/>\n<meta property=\"og:image\" content=\"http:\/\/farm4.static.flickr.com\/3128\/2705981002_97dd7bb850_m.jpg\" \/>\n<meta name=\"author\" content=\"Moni\" \/>\n<meta name=\"twitter:card\" content=\"summary_large_image\" \/>\n<meta name=\"twitter:creator\" content=\"@nahlinse\" \/>\n<meta name=\"twitter:site\" content=\"@nahlinse\" \/>\n<meta name=\"twitter:label1\" content=\"Written by\" \/>\n\t<meta name=\"twitter:data1\" content=\"Moni\" \/>\n\t<meta name=\"twitter:label2\" content=\"Est. reading time\" \/>\n\t<meta name=\"twitter:data2\" content=\"1 minute\" \/>\n<script type=\"application\/ld+json\" class=\"yoast-schema-graph\">{\"@context\":\"https:\/\/schema.org\",\"@graph\":[{\"@type\":\"WebPage\",\"@id\":\"https:\/\/www.andrae.org\/podcast\/2010\/02\/25\/29-schwarz-weis\/\",\"url\":\"https:\/\/www.andrae.org\/podcast\/2010\/02\/25\/29-schwarz-weis\/\",\"name\":\"#29 - Schwarz & Wei\u00df - Monis Motivklingel\",\"isPartOf\":{\"@id\":\"https:\/\/www.andrae.org\/podcast\/#website\"},\"primaryImageOfPage\":{\"@id\":\"https:\/\/www.andrae.org\/podcast\/2010\/02\/25\/29-schwarz-weis\/#primaryimage\"},\"image\":{\"@id\":\"https:\/\/www.andrae.org\/podcast\/2010\/02\/25\/29-schwarz-weis\/#primaryimage\"},\"thumbnailUrl\":\"http:\/\/farm4.static.flickr.com\/3128\/2705981002_97dd7bb850_m.jpg\",\"datePublished\":\"2010-02-25T05:26:39+00:00\",\"dateModified\":\"2010-02-25T19:51:31+00:00\",\"author\":{\"@id\":\"https:\/\/www.andrae.org\/podcast\/#\/schema\/person\/7f3d1bb5258c637634c17a630fc6e32a\"},\"breadcrumb\":{\"@id\":\"https:\/\/www.andrae.org\/podcast\/2010\/02\/25\/29-schwarz-weis\/#breadcrumb\"},\"inLanguage\":\"en-US\",\"potentialAction\":[{\"@type\":\"ReadAction\",\"target\":[\"https:\/\/www.andrae.org\/podcast\/2010\/02\/25\/29-schwarz-weis\/\"]}]},{\"@type\":\"ImageObject\",\"inLanguage\":\"en-US\",\"@id\":\"https:\/\/www.andrae.org\/podcast\/2010\/02\/25\/29-schwarz-weis\/#primaryimage\",\"url\":\"http:\/\/farm4.static.flickr.com\/3128\/2705981002_97dd7bb850_m.jpg\",\"contentUrl\":\"http:\/\/farm4.static.flickr.com\/3128\/2705981002_97dd7bb850_m.jpg\"},{\"@type\":\"BreadcrumbList\",\"@id\":\"https:\/\/www.andrae.org\/podcast\/2010\/02\/25\/29-schwarz-weis\/#breadcrumb\",\"itemListElement\":[{\"@type\":\"ListItem\",\"position\":1,\"name\":\"Home\",\"item\":\"https:\/\/www.andrae.org\/podcast\/\"},{\"@type\":\"ListItem\",\"position\":2,\"name\":\"#29 &#8211; Schwarz &#038; Wei\u00df\"}]},{\"@type\":\"WebSite\",\"@id\":\"https:\/\/www.andrae.org\/podcast\/#website\",\"url\":\"https:\/\/www.andrae.org\/podcast\/\",\"name\":\"Monis Motivklingel\",\"description\":\"Im Wesentlichen Fotografie\",\"potentialAction\":[{\"@type\":\"SearchAction\",\"target\":{\"@type\":\"EntryPoint\",\"urlTemplate\":\"https:\/\/www.andrae.org\/podcast\/?s={search_term_string}\"},\"query-input\":{\"@type\":\"PropertyValueSpecification\",\"valueRequired\":true,\"valueName\":\"search_term_string\"}}],\"inLanguage\":\"en-US\"},{\"@type\":\"Person\",\"@id\":\"https:\/\/www.andrae.org\/podcast\/#\/schema\/person\/7f3d1bb5258c637634c17a630fc6e32a\",\"name\":\"Moni\",\"image\":{\"@type\":\"ImageObject\",\"inLanguage\":\"en-US\",\"@id\":\"https:\/\/www.andrae.org\/podcast\/#\/schema\/person\/image\/\",\"url\":\"https:\/\/secure.gravatar.com\/avatar\/36e111922c0b8122d3fd7b9202b76c6d?s=96&d=mm&r=g\",\"contentUrl\":\"https:\/\/secure.gravatar.com\/avatar\/36e111922c0b8122d3fd7b9202b76c6d?s=96&d=mm&r=g\",\"caption\":\"Moni\"},\"sameAs\":[\"http:\/\/\"],\"url\":\"https:\/\/www.andrae.org\/podcast\/author\/moni\/\"}]}<\/script>\n<!-- \/ Yoast SEO plugin. -->","yoast_head_json":{"title":"#29 - Schwarz & Wei\u00df - Monis Motivklingel","robots":{"index":"index","follow":"follow","max-snippet":"max-snippet:-1","max-image-preview":"max-image-preview:large","max-video-preview":"max-video-preview:-1"},"canonical":"https:\/\/www.andrae.org\/podcast\/2010\/02\/25\/29-schwarz-weis\/","og_locale":"en_US","og_type":"article","og_title":"#29 - Schwarz & Wei\u00df - Monis Motivklingel","og_description":"Die heutige Sendung g\u00e4be es nicht ohne Euer Feedback. Sowohl beim Hauptthema als auch beim Buchtipp greife ich auf Fragen bzw. Ideen von Euch zur\u00fcck. Danke daf\u00fcr! :-)  Den Anfang machen zwei Fragen von Pauline: Was macht ein gutes Schwarzwei\u00dfbild aus? Worauf muss ich bei einem Schwarzwei\u00df-Fotospaziergang achten? Read More","og_url":"https:\/\/www.andrae.org\/podcast\/2010\/02\/25\/29-schwarz-weis\/","og_site_name":"Monis Motivklingel","article_published_time":"2010-02-25T05:26:39+00:00","article_modified_time":"2010-02-25T19:51:31+00:00","og_image":[{"url":"http:\/\/farm4.static.flickr.com\/3128\/2705981002_97dd7bb850_m.jpg","type":"","width":"","height":""}],"author":"Moni","twitter_card":"summary_large_image","twitter_creator":"@nahlinse","twitter_site":"@nahlinse","twitter_misc":{"Written by":"Moni","Est. reading time":"1 minute"},"schema":{"@context":"https:\/\/schema.org","@graph":[{"@type":"WebPage","@id":"https:\/\/www.andrae.org\/podcast\/2010\/02\/25\/29-schwarz-weis\/","url":"https:\/\/www.andrae.org\/podcast\/2010\/02\/25\/29-schwarz-weis\/","name":"#29 - Schwarz & Wei\u00df - Monis Motivklingel","isPartOf":{"@id":"https:\/\/www.andrae.org\/podcast\/#website"},"primaryImageOfPage":{"@id":"https:\/\/www.andrae.org\/podcast\/2010\/02\/25\/29-schwarz-weis\/#primaryimage"},"image":{"@id":"https:\/\/www.andrae.org\/podcast\/2010\/02\/25\/29-schwarz-weis\/#primaryimage"},"thumbnailUrl":"http:\/\/farm4.static.flickr.com\/3128\/2705981002_97dd7bb850_m.jpg","datePublished":"2010-02-25T05:26:39+00:00","dateModified":"2010-02-25T19:51:31+00:00","author":{"@id":"https:\/\/www.andrae.org\/podcast\/#\/schema\/person\/7f3d1bb5258c637634c17a630fc6e32a"},"breadcrumb":{"@id":"https:\/\/www.andrae.org\/podcast\/2010\/02\/25\/29-schwarz-weis\/#breadcrumb"},"inLanguage":"en-US","potentialAction":[{"@type":"ReadAction","target":["https:\/\/www.andrae.org\/podcast\/2010\/02\/25\/29-schwarz-weis\/"]}]},{"@type":"ImageObject","inLanguage":"en-US","@id":"https:\/\/www.andrae.org\/podcast\/2010\/02\/25\/29-schwarz-weis\/#primaryimage","url":"http:\/\/farm4.static.flickr.com\/3128\/2705981002_97dd7bb850_m.jpg","contentUrl":"http:\/\/farm4.static.flickr.com\/3128\/2705981002_97dd7bb850_m.jpg"},{"@type":"BreadcrumbList","@id":"https:\/\/www.andrae.org\/podcast\/2010\/02\/25\/29-schwarz-weis\/#breadcrumb","itemListElement":[{"@type":"ListItem","position":1,"name":"Home","item":"https:\/\/www.andrae.org\/podcast\/"},{"@type":"ListItem","position":2,"name":"#29 &#8211; Schwarz &#038; Wei\u00df"}]},{"@type":"WebSite","@id":"https:\/\/www.andrae.org\/podcast\/#website","url":"https:\/\/www.andrae.org\/podcast\/","name":"Monis Motivklingel","description":"Im Wesentlichen Fotografie","potentialAction":[{"@type":"SearchAction","target":{"@type":"EntryPoint","urlTemplate":"https:\/\/www.andrae.org\/podcast\/?s={search_term_string}"},"query-input":{"@type":"PropertyValueSpecification","valueRequired":true,"valueName":"search_term_string"}}],"inLanguage":"en-US"},{"@type":"Person","@id":"https:\/\/www.andrae.org\/podcast\/#\/schema\/person\/7f3d1bb5258c637634c17a630fc6e32a","name":"Moni","image":{"@type":"ImageObject","inLanguage":"en-US","@id":"https:\/\/www.andrae.org\/podcast\/#\/schema\/person\/image\/","url":"https:\/\/secure.gravatar.com\/avatar\/36e111922c0b8122d3fd7b9202b76c6d?s=96&d=mm&r=g","contentUrl":"https:\/\/secure.gravatar.com\/avatar\/36e111922c0b8122d3fd7b9202b76c6d?s=96&d=mm&r=g","caption":"Moni"},"sameAs":["http:\/\/"],"url":"https:\/\/www.andrae.org\/podcast\/author\/moni\/"}]}},"_links":{"self":[{"href":"https:\/\/www.andrae.org\/podcast\/wp-json\/wp\/v2\/posts\/721","targetHints":{"allow":["GET"]}}],"collection":[{"href":"https:\/\/www.andrae.org\/podcast\/wp-json\/wp\/v2\/posts"}],"about":[{"href":"https:\/\/www.andrae.org\/podcast\/wp-json\/wp\/v2\/types\/post"}],"author":[{"embeddable":true,"href":"https:\/\/www.andrae.org\/podcast\/wp-json\/wp\/v2\/users\/2"}],"replies":[{"embeddable":true,"href":"https:\/\/www.andrae.org\/podcast\/wp-json\/wp\/v2\/comments?post=721"}],"version-history":[{"count":7,"href":"https:\/\/www.andrae.org\/podcast\/wp-json\/wp\/v2\/posts\/721\/revisions"}],"predecessor-version":[{"id":727,"href":"https:\/\/www.andrae.org\/podcast\/wp-json\/wp\/v2\/posts\/721\/revisions\/727"}],"wp:attachment":[{"href":"https:\/\/www.andrae.org\/podcast\/wp-json\/wp\/v2\/media?parent=721"}],"wp:term":[{"taxonomy":"category","embeddable":true,"href":"https:\/\/www.andrae.org\/podcast\/wp-json\/wp\/v2\/categories?post=721"},{"taxonomy":"post_tag","embeddable":true,"href":"https:\/\/www.andrae.org\/podcast\/wp-json\/wp\/v2\/tags?post=721"}],"curies":[{"name":"wp","href":"https:\/\/api.w.org\/{rel}","templated":true}]}}