{"id":656,"date":"2010-01-08T07:17:20","date_gmt":"2010-01-08T06:17:20","guid":{"rendered":"http:\/\/www.andrae.org\/podcast\/?p=656"},"modified":"2010-01-08T07:20:18","modified_gmt":"2010-01-08T06:20:18","slug":"25-s-rieselt","status":"publish","type":"post","link":"https:\/\/www.andrae.org\/podcast\/2010\/01\/08\/25-s-rieselt\/","title":{"rendered":"#25 &#8211; &#8216;s rieselt"},"content":{"rendered":"<div style=\"width: 250px\" class=\"wp-caption alignright\"><a href=\"http:\/\/enlarger.myd3.com\/view\/3154281771?bgcolor=303030\"><img loading=\"lazy\" decoding=\"async\" title=\"liquid silver\" src=\"http:\/\/farm4.static.flickr.com\/3106\/3154281771_8a8f815107_m.jpg\" alt=\"liquid silver, \u00a9 Monika Andrae\" width=\"240\" height=\"161\" \/><\/a><p class=\"wp-caption-text\">liquid silver, \u00a9 Monika Andrae<\/p><\/div>\n<p>Weil ich im Moment st\u00e4ndig Schnee schippen muss, gibt es heute eine Folge \u00fcber Fotografie <span style=\"color: #ff0000;\"><span style=\"text-decoration: line-through;\">in Wollunterw\u00e4sche<\/span><\/span> im Winter. Was bietet sich als Motiv an, wof\u00fcr lohnt es sich, den inneren Schweinehund warm anzuziehen und auszuf\u00fchren.<\/p>\n<p>Au\u00dferdem gibt es die Aufl\u00f6sung der letzten Aufgabe und einen frischen Eisernen (Winter-) Fotografen.<\/p>\n<p><strong>Links zur letzten Aufgabe:<\/strong><\/p>\n<ul>\n<li>Foto (Triptychon) von Crozefeet: <a href=\"http:\/\/www.flickr.com\/photos\/crozefeet\/4245131912\/\" target=\"_blank\">Insides a fence<\/a><\/li>\n<li>Fotos von Hoptographie: <a href=\"http:\/\/www.flickr.com\/photos\/hoptographie\/4191711079\/\" target=\"_blank\">feeling blue<\/a> | <a href=\"http:\/\/www.flickr.com\/photos\/hoptographie\/4191711421\/in\/photostream\/\" target=\"_blank\">come take a walk with me<\/a> | <a href=\"http:\/\/www.flickr.com\/photos\/hoptographie\/4192473414\/in\/photostream\/\" target=\"_blank\">snowy riverside<\/a> | <a href=\"http:\/\/www.flickr.com\/photos\/hoptographie\/4191711923\/in\/photostream\/\" target=\"_blank\">in a purple sky before winter sunset<\/a> |<\/li>\n<li>Fotos von\u00a0ikku_gior: <a href=\"http:\/\/www.flickr.com\/photos\/ikku_gior\/4245856822\/\" target=\"_blank\">Live in the dark<\/a> |<a href=\"http:\/\/www.flickr.com\/photos\/ikku_gior\/4245056015\/\" target=\"_blank\">branches natural and artificial<\/a> | <a href=\"http:\/\/www.flickr.com\/photos\/ikku_gior\/4245055823\/\" target=\"_blank\">Geometry<\/a> | <a href=\"http:\/\/www.flickr.com\/photos\/ikku_gior\/4245830252\/in\/photostream\/\" target=\"_blank\">Back light<\/a> |<\/li>\n<\/ul>\n<div style=\"width: 250px\" class=\"wp-caption alignright\"><img loading=\"lazy\" decoding=\"async\" title=\"window\" src=\"http:\/\/farm4.static.flickr.com\/3197\/3155025262_2041e69680_m.jpg\" alt=\"window, \u00a9 Chris Marquardt\" width=\"240\" height=\"160\" \/><p class=\"wp-caption-text\">window, \u00a9 Chris Marquardt<\/p><\/div>\n<p><strong>Die eiserne (Winter-)Fotograf \u00a0Nr. 7 l\u00e4uft von Freitag, den 08 Januar, bis Mittwoch, den 20 Januar \u00a02010 und hat folgende drei Elemente:<br \/>\n<span style=\"font-weight: normal;\">(die genaue Anleitung gibt es wie immer im Diskussionteil der Motivklingel-Flickr-Gruppe )<\/span><\/strong><\/p>\n<ol>\n<li>Etwas, das f\u00fcr Dich untrennbar mit Winter verbunden ist.<\/li>\n<li>Ein St\u00fcck Sommerbekleidung<\/li>\n<li>Die Farbe Schwarz<\/li>\n<\/ol>\n<p><strong>&#8220;Sonstige&#8221; Links zur Folge:<\/strong><\/p>\n<ul>\n<li>Infos zu den Workshops gibt&#8217;s unter <a href=\"http:\/\/www.absolutanalog.de\" target=\"_blank\">www.absolutanalog.de<\/a><\/li>\n<li><a href=\"http:\/\/www.lfi-online.de\" target=\"_blank\">Leica Fotografie International<\/a><\/li>\n<li><a href=\"http:\/\/tfttf.com\/analogflimmer\" target=\"_blank\">Das &#8220;Absolut Analog&#8221; Video auf Vimeo<\/a><\/li>\n<li><a href=\"http:\/\/www.flickr.com\/groups\/motivklingel\/\" target=\"_self\">Die Flickr-Gruppe zu Monis Motivklingel<\/a><\/li>\n<\/ul>\n<p><object classid=\"clsid:d27cdb6e-ae6d-11cf-96b8-444553540000\" width=\"400\" height=\"225\" codebase=\"http:\/\/download.macromedia.com\/pub\/shockwave\/cabs\/flash\/swflash.cab#version=6,0,40,0\"><param name=\"allowfullscreen\" value=\"true\" \/><param name=\"allowscriptaccess\" value=\"always\" \/><param name=\"src\" value=\"http:\/\/vimeo.com\/moogaloop.swf?clip_id=8471448&amp;server=vimeo.com&amp;show_title=1&amp;show_byline=1&amp;show_portrait=0&amp;color=ffffff&amp;fullscreen=1\" \/><embed type=\"application\/x-shockwave-flash\" width=\"400\" height=\"225\" src=\"http:\/\/vimeo.com\/moogaloop.swf?clip_id=8471448&amp;server=vimeo.com&amp;show_title=1&amp;show_byline=1&amp;show_portrait=0&amp;color=ffffff&amp;fullscreen=1\" allowscriptaccess=\"always\" allowfullscreen=\"true\"><\/embed><\/object><br \/>\n&gt;&gt; http:\/\/www.absolutanalog.de<br \/>\nEin kleiner Vorgeschmack auf ein gro\u00dfes Workshop-Erlebnis.<\/p>\n<p><a href=\"http:\/\/www.podtrac.com\/pts\/redirect.mp3\/media.monismotivklingel.de\/mmk025_srieselt.mp3\" target=\"_blank\">Episode herunterladen<\/a><\/p>\n","protected":false},"excerpt":{"rendered":"<p>Weil ich im Moment st\u00e4ndig Schnee schippen muss, gibt es heute eine Folge \u00fcber Fotografie in Wollunterw\u00e4sche im Winter. Was bietet sich als Motiv an, wof\u00fcr lohnt es sich, den inneren Schweinehund warm anzuziehen und auszuf\u00fchren. Au\u00dferdem gibt es die Aufl\u00f6sung der letzten Aufgabe und einen frischen Eisernen (Winter-) Fotografen. Links zur letzten Aufgabe: Foto<a class=\"read-more \" href=\"https:\/\/www.andrae.org\/podcast\/2010\/01\/08\/25-s-rieselt\/\" title=\"Read More\"> <span class=\"button default\">Read More<\/span><\/a><\/p>\n","protected":false},"author":2,"featured_media":0,"comment_status":"open","ping_status":"open","sticky":false,"template":"","format":"standard","meta":{"ngg_post_thumbnail":0,"footnotes":""},"categories":[1],"tags":[39,122,123,36,52,30,120,121,119],"class_list":["post-656","post","type-post","status-publish","format-standard","hentry","category-motivklingel","tag-aufgabe","tag-himmel","tag-landschaft","tag-licht","tag-menschen","tag-negativer-raum","tag-schnee","tag-stilleben","tag-winter"],"yoast_head":"<!-- This site is optimized with the Yoast SEO plugin v24.1 - https:\/\/yoast.com\/wordpress\/plugins\/seo\/ -->\n<title>#25 - &#039;s rieselt - Monis Motivklingel<\/title>\n<meta name=\"robots\" content=\"index, follow, max-snippet:-1, max-image-preview:large, max-video-preview:-1\" \/>\n<link rel=\"canonical\" href=\"https:\/\/www.andrae.org\/podcast\/2010\/01\/08\/25-s-rieselt\/\" \/>\n<meta property=\"og:locale\" content=\"en_US\" \/>\n<meta property=\"og:type\" content=\"article\" \/>\n<meta property=\"og:title\" content=\"#25 - &#039;s rieselt - Monis Motivklingel\" \/>\n<meta property=\"og:description\" content=\"Weil ich im Moment st\u00e4ndig Schnee schippen muss, gibt es heute eine Folge \u00fcber Fotografie in Wollunterw\u00e4sche im Winter. Was bietet sich als Motiv an, wof\u00fcr lohnt es sich, den inneren Schweinehund warm anzuziehen und auszuf\u00fchren. Au\u00dferdem gibt es die Aufl\u00f6sung der letzten Aufgabe und einen frischen Eisernen (Winter-) Fotografen. Links zur letzten Aufgabe: Foto Read More\" \/>\n<meta property=\"og:url\" content=\"https:\/\/www.andrae.org\/podcast\/2010\/01\/08\/25-s-rieselt\/\" \/>\n<meta property=\"og:site_name\" content=\"Monis Motivklingel\" \/>\n<meta property=\"article:published_time\" content=\"2010-01-08T06:17:20+00:00\" \/>\n<meta property=\"article:modified_time\" content=\"2010-01-08T06:20:18+00:00\" \/>\n<meta property=\"og:image\" content=\"http:\/\/farm4.static.flickr.com\/3106\/3154281771_8a8f815107_m.jpg\" \/>\n<meta name=\"author\" content=\"Moni\" \/>\n<meta name=\"twitter:card\" content=\"summary_large_image\" \/>\n<meta name=\"twitter:creator\" content=\"@nahlinse\" \/>\n<meta name=\"twitter:site\" content=\"@nahlinse\" \/>\n<meta name=\"twitter:label1\" content=\"Written by\" \/>\n\t<meta name=\"twitter:data1\" content=\"Moni\" \/>\n\t<meta name=\"twitter:label2\" content=\"Est. reading time\" \/>\n\t<meta name=\"twitter:data2\" content=\"1 minute\" \/>\n<script type=\"application\/ld+json\" class=\"yoast-schema-graph\">{\"@context\":\"https:\/\/schema.org\",\"@graph\":[{\"@type\":\"WebPage\",\"@id\":\"https:\/\/www.andrae.org\/podcast\/2010\/01\/08\/25-s-rieselt\/\",\"url\":\"https:\/\/www.andrae.org\/podcast\/2010\/01\/08\/25-s-rieselt\/\",\"name\":\"#25 - 's rieselt - Monis Motivklingel\",\"isPartOf\":{\"@id\":\"https:\/\/www.andrae.org\/podcast\/#website\"},\"primaryImageOfPage\":{\"@id\":\"https:\/\/www.andrae.org\/podcast\/2010\/01\/08\/25-s-rieselt\/#primaryimage\"},\"image\":{\"@id\":\"https:\/\/www.andrae.org\/podcast\/2010\/01\/08\/25-s-rieselt\/#primaryimage\"},\"thumbnailUrl\":\"http:\/\/farm4.static.flickr.com\/3106\/3154281771_8a8f815107_m.jpg\",\"datePublished\":\"2010-01-08T06:17:20+00:00\",\"dateModified\":\"2010-01-08T06:20:18+00:00\",\"author\":{\"@id\":\"https:\/\/www.andrae.org\/podcast\/#\/schema\/person\/7f3d1bb5258c637634c17a630fc6e32a\"},\"breadcrumb\":{\"@id\":\"https:\/\/www.andrae.org\/podcast\/2010\/01\/08\/25-s-rieselt\/#breadcrumb\"},\"inLanguage\":\"en-US\",\"potentialAction\":[{\"@type\":\"ReadAction\",\"target\":[\"https:\/\/www.andrae.org\/podcast\/2010\/01\/08\/25-s-rieselt\/\"]}]},{\"@type\":\"ImageObject\",\"inLanguage\":\"en-US\",\"@id\":\"https:\/\/www.andrae.org\/podcast\/2010\/01\/08\/25-s-rieselt\/#primaryimage\",\"url\":\"http:\/\/farm4.static.flickr.com\/3106\/3154281771_8a8f815107_m.jpg\",\"contentUrl\":\"http:\/\/farm4.static.flickr.com\/3106\/3154281771_8a8f815107_m.jpg\"},{\"@type\":\"BreadcrumbList\",\"@id\":\"https:\/\/www.andrae.org\/podcast\/2010\/01\/08\/25-s-rieselt\/#breadcrumb\",\"itemListElement\":[{\"@type\":\"ListItem\",\"position\":1,\"name\":\"Home\",\"item\":\"https:\/\/www.andrae.org\/podcast\/\"},{\"@type\":\"ListItem\",\"position\":2,\"name\":\"#25 &#8211; &#8216;s rieselt\"}]},{\"@type\":\"WebSite\",\"@id\":\"https:\/\/www.andrae.org\/podcast\/#website\",\"url\":\"https:\/\/www.andrae.org\/podcast\/\",\"name\":\"Monis Motivklingel\",\"description\":\"Im Wesentlichen Fotografie\",\"potentialAction\":[{\"@type\":\"SearchAction\",\"target\":{\"@type\":\"EntryPoint\",\"urlTemplate\":\"https:\/\/www.andrae.org\/podcast\/?s={search_term_string}\"},\"query-input\":{\"@type\":\"PropertyValueSpecification\",\"valueRequired\":true,\"valueName\":\"search_term_string\"}}],\"inLanguage\":\"en-US\"},{\"@type\":\"Person\",\"@id\":\"https:\/\/www.andrae.org\/podcast\/#\/schema\/person\/7f3d1bb5258c637634c17a630fc6e32a\",\"name\":\"Moni\",\"image\":{\"@type\":\"ImageObject\",\"inLanguage\":\"en-US\",\"@id\":\"https:\/\/www.andrae.org\/podcast\/#\/schema\/person\/image\/\",\"url\":\"https:\/\/secure.gravatar.com\/avatar\/36e111922c0b8122d3fd7b9202b76c6d?s=96&d=mm&r=g\",\"contentUrl\":\"https:\/\/secure.gravatar.com\/avatar\/36e111922c0b8122d3fd7b9202b76c6d?s=96&d=mm&r=g\",\"caption\":\"Moni\"},\"sameAs\":[\"http:\/\/\"],\"url\":\"https:\/\/www.andrae.org\/podcast\/author\/moni\/\"}]}<\/script>\n<!-- \/ Yoast SEO plugin. -->","yoast_head_json":{"title":"#25 - 's rieselt - Monis Motivklingel","robots":{"index":"index","follow":"follow","max-snippet":"max-snippet:-1","max-image-preview":"max-image-preview:large","max-video-preview":"max-video-preview:-1"},"canonical":"https:\/\/www.andrae.org\/podcast\/2010\/01\/08\/25-s-rieselt\/","og_locale":"en_US","og_type":"article","og_title":"#25 - 's rieselt - Monis Motivklingel","og_description":"Weil ich im Moment st\u00e4ndig Schnee schippen muss, gibt es heute eine Folge \u00fcber Fotografie in Wollunterw\u00e4sche im Winter. Was bietet sich als Motiv an, wof\u00fcr lohnt es sich, den inneren Schweinehund warm anzuziehen und auszuf\u00fchren. Au\u00dferdem gibt es die Aufl\u00f6sung der letzten Aufgabe und einen frischen Eisernen (Winter-) Fotografen. Links zur letzten Aufgabe: Foto Read More","og_url":"https:\/\/www.andrae.org\/podcast\/2010\/01\/08\/25-s-rieselt\/","og_site_name":"Monis Motivklingel","article_published_time":"2010-01-08T06:17:20+00:00","article_modified_time":"2010-01-08T06:20:18+00:00","og_image":[{"url":"http:\/\/farm4.static.flickr.com\/3106\/3154281771_8a8f815107_m.jpg","type":"","width":"","height":""}],"author":"Moni","twitter_card":"summary_large_image","twitter_creator":"@nahlinse","twitter_site":"@nahlinse","twitter_misc":{"Written by":"Moni","Est. reading time":"1 minute"},"schema":{"@context":"https:\/\/schema.org","@graph":[{"@type":"WebPage","@id":"https:\/\/www.andrae.org\/podcast\/2010\/01\/08\/25-s-rieselt\/","url":"https:\/\/www.andrae.org\/podcast\/2010\/01\/08\/25-s-rieselt\/","name":"#25 - 's rieselt - Monis Motivklingel","isPartOf":{"@id":"https:\/\/www.andrae.org\/podcast\/#website"},"primaryImageOfPage":{"@id":"https:\/\/www.andrae.org\/podcast\/2010\/01\/08\/25-s-rieselt\/#primaryimage"},"image":{"@id":"https:\/\/www.andrae.org\/podcast\/2010\/01\/08\/25-s-rieselt\/#primaryimage"},"thumbnailUrl":"http:\/\/farm4.static.flickr.com\/3106\/3154281771_8a8f815107_m.jpg","datePublished":"2010-01-08T06:17:20+00:00","dateModified":"2010-01-08T06:20:18+00:00","author":{"@id":"https:\/\/www.andrae.org\/podcast\/#\/schema\/person\/7f3d1bb5258c637634c17a630fc6e32a"},"breadcrumb":{"@id":"https:\/\/www.andrae.org\/podcast\/2010\/01\/08\/25-s-rieselt\/#breadcrumb"},"inLanguage":"en-US","potentialAction":[{"@type":"ReadAction","target":["https:\/\/www.andrae.org\/podcast\/2010\/01\/08\/25-s-rieselt\/"]}]},{"@type":"ImageObject","inLanguage":"en-US","@id":"https:\/\/www.andrae.org\/podcast\/2010\/01\/08\/25-s-rieselt\/#primaryimage","url":"http:\/\/farm4.static.flickr.com\/3106\/3154281771_8a8f815107_m.jpg","contentUrl":"http:\/\/farm4.static.flickr.com\/3106\/3154281771_8a8f815107_m.jpg"},{"@type":"BreadcrumbList","@id":"https:\/\/www.andrae.org\/podcast\/2010\/01\/08\/25-s-rieselt\/#breadcrumb","itemListElement":[{"@type":"ListItem","position":1,"name":"Home","item":"https:\/\/www.andrae.org\/podcast\/"},{"@type":"ListItem","position":2,"name":"#25 &#8211; &#8216;s rieselt"}]},{"@type":"WebSite","@id":"https:\/\/www.andrae.org\/podcast\/#website","url":"https:\/\/www.andrae.org\/podcast\/","name":"Monis Motivklingel","description":"Im Wesentlichen Fotografie","potentialAction":[{"@type":"SearchAction","target":{"@type":"EntryPoint","urlTemplate":"https:\/\/www.andrae.org\/podcast\/?s={search_term_string}"},"query-input":{"@type":"PropertyValueSpecification","valueRequired":true,"valueName":"search_term_string"}}],"inLanguage":"en-US"},{"@type":"Person","@id":"https:\/\/www.andrae.org\/podcast\/#\/schema\/person\/7f3d1bb5258c637634c17a630fc6e32a","name":"Moni","image":{"@type":"ImageObject","inLanguage":"en-US","@id":"https:\/\/www.andrae.org\/podcast\/#\/schema\/person\/image\/","url":"https:\/\/secure.gravatar.com\/avatar\/36e111922c0b8122d3fd7b9202b76c6d?s=96&d=mm&r=g","contentUrl":"https:\/\/secure.gravatar.com\/avatar\/36e111922c0b8122d3fd7b9202b76c6d?s=96&d=mm&r=g","caption":"Moni"},"sameAs":["http:\/\/"],"url":"https:\/\/www.andrae.org\/podcast\/author\/moni\/"}]}},"_links":{"self":[{"href":"https:\/\/www.andrae.org\/podcast\/wp-json\/wp\/v2\/posts\/656","targetHints":{"allow":["GET"]}}],"collection":[{"href":"https:\/\/www.andrae.org\/podcast\/wp-json\/wp\/v2\/posts"}],"about":[{"href":"https:\/\/www.andrae.org\/podcast\/wp-json\/wp\/v2\/types\/post"}],"author":[{"embeddable":true,"href":"https:\/\/www.andrae.org\/podcast\/wp-json\/wp\/v2\/users\/2"}],"replies":[{"embeddable":true,"href":"https:\/\/www.andrae.org\/podcast\/wp-json\/wp\/v2\/comments?post=656"}],"version-history":[{"count":18,"href":"https:\/\/www.andrae.org\/podcast\/wp-json\/wp\/v2\/posts\/656\/revisions"}],"predecessor-version":[{"id":673,"href":"https:\/\/www.andrae.org\/podcast\/wp-json\/wp\/v2\/posts\/656\/revisions\/673"}],"wp:attachment":[{"href":"https:\/\/www.andrae.org\/podcast\/wp-json\/wp\/v2\/media?parent=656"}],"wp:term":[{"taxonomy":"category","embeddable":true,"href":"https:\/\/www.andrae.org\/podcast\/wp-json\/wp\/v2\/categories?post=656"},{"taxonomy":"post_tag","embeddable":true,"href":"https:\/\/www.andrae.org\/podcast\/wp-json\/wp\/v2\/tags?post=656"}],"curies":[{"name":"wp","href":"https:\/\/api.w.org\/{rel}","templated":true}]}}