{"id":59,"date":"2009-06-18T10:00:51","date_gmt":"2009-06-18T09:00:51","guid":{"rendered":"http:\/\/www.andrae.org\/podcast\/?p=59"},"modified":"2020-08-11T17:20:12","modified_gmt":"2020-08-11T16:20:12","slug":"2-wir-sind-viele","status":"publish","type":"post","link":"https:\/\/www.andrae.org\/podcast\/2009\/06\/18\/2-wir-sind-viele\/","title":{"rendered":"#2 &#8211; Wir sind viele"},"content":{"rendered":"<p><strong>oder: das Bild im Bild<\/strong><\/p>\n<p><img loading=\"lazy\" decoding=\"async\" class=\"alignright\" src=\"http:\/\/farm4.static.flickr.com\/3076\/3225785753_0c061a4db6_m.jpg\" alt=\"\" width=\"240\" height=\"165\" \/>Hin und wieder passiert es, dass man mit einem Bild heimkommt, das so gar nicht das wiedergibt, was man im Motiv gesehen hat (oder gesehen zu haben glaubt). Und dann fragt man sich: &#8220;Wieso habe ich eigentlich auf den Ausl\u00f6ser gedr\u00fcckt?&#8221;<\/p>\n<p>Bevor Ihr in so einem Fall den L\u00f6schknopf bet\u00e4tigt und die Datei von der Platte putzt, gebt dem Bild noch eine Chance. Vielleicht ist es ja <strong>doch<\/strong> noch zu etwas gut. H\u00f6rt selbst!<\/p>\n<p><a href=\"http:\/\/www.podtrac.com\/pts\/redirect.mp3\/media.monismotivklingel.de\/mmk002_bildimbild.mp3\">Episode herunterladen<\/a><\/p>\n","protected":false},"excerpt":{"rendered":"<p>oder: das Bild im Bild Hin und wieder passiert es, dass man mit einem Bild heimkommt, das so gar nicht das wiedergibt, was man im Motiv gesehen hat (oder gesehen zu haben glaubt). Und dann fragt man sich: &#8220;Wieso habe ich eigentlich auf den Ausl\u00f6ser gedr\u00fcckt?&#8221; Bevor Ihr in so einem Fall den L\u00f6schknopf bet\u00e4tigt<a class=\"read-more \" href=\"https:\/\/www.andrae.org\/podcast\/2009\/06\/18\/2-wir-sind-viele\/\" title=\"Read More\"> <span class=\"button default\">Read More<\/span><\/a><\/p>\n","protected":false},"author":2,"featured_media":0,"comment_status":"open","ping_status":"open","sticky":false,"template":"","format":"standard","meta":{"ngg_post_thumbnail":0,"footnotes":""},"categories":[1],"tags":[10,11,14,12,13],"class_list":["post-59","post","type-post","status-publish","format-standard","hentry","category-motivklingel","tag-bild","tag-bildausschnitt","tag-blick","tag-motiv","tag-sehen"],"yoast_head":"<!-- This site is optimized with the Yoast SEO plugin v24.1 - https:\/\/yoast.com\/wordpress\/plugins\/seo\/ -->\n<title>#2 - Wir sind viele - Monis Motivklingel<\/title>\n<meta name=\"robots\" content=\"index, follow, max-snippet:-1, max-image-preview:large, max-video-preview:-1\" \/>\n<link rel=\"canonical\" href=\"https:\/\/www.andrae.org\/podcast\/2009\/06\/18\/2-wir-sind-viele\/\" \/>\n<meta property=\"og:locale\" content=\"en_US\" \/>\n<meta property=\"og:type\" content=\"article\" \/>\n<meta property=\"og:title\" content=\"#2 - Wir sind viele - Monis Motivklingel\" \/>\n<meta property=\"og:description\" content=\"oder: das Bild im Bild Hin und wieder passiert es, dass man mit einem Bild heimkommt, das so gar nicht das wiedergibt, was man im Motiv gesehen hat (oder gesehen zu haben glaubt). Und dann fragt man sich: &#8220;Wieso habe ich eigentlich auf den Ausl\u00f6ser gedr\u00fcckt?&#8221; Bevor Ihr in so einem Fall den L\u00f6schknopf bet\u00e4tigt Read More\" \/>\n<meta property=\"og:url\" content=\"https:\/\/www.andrae.org\/podcast\/2009\/06\/18\/2-wir-sind-viele\/\" \/>\n<meta property=\"og:site_name\" content=\"Monis Motivklingel\" \/>\n<meta property=\"article:published_time\" content=\"2009-06-18T09:00:51+00:00\" \/>\n<meta property=\"article:modified_time\" content=\"2020-08-11T16:20:12+00:00\" \/>\n<meta property=\"og:image\" content=\"http:\/\/farm4.static.flickr.com\/3076\/3225785753_0c061a4db6_m.jpg\" \/>\n<meta name=\"author\" content=\"Moni\" \/>\n<meta name=\"twitter:card\" content=\"summary_large_image\" \/>\n<meta name=\"twitter:creator\" content=\"@nahlinse\" \/>\n<meta name=\"twitter:site\" content=\"@nahlinse\" \/>\n<meta name=\"twitter:label1\" content=\"Written by\" \/>\n\t<meta name=\"twitter:data1\" content=\"Moni\" \/>\n<script type=\"application\/ld+json\" class=\"yoast-schema-graph\">{\"@context\":\"https:\/\/schema.org\",\"@graph\":[{\"@type\":\"WebPage\",\"@id\":\"https:\/\/www.andrae.org\/podcast\/2009\/06\/18\/2-wir-sind-viele\/\",\"url\":\"https:\/\/www.andrae.org\/podcast\/2009\/06\/18\/2-wir-sind-viele\/\",\"name\":\"#2 - Wir sind viele - Monis Motivklingel\",\"isPartOf\":{\"@id\":\"https:\/\/www.andrae.org\/podcast\/#website\"},\"primaryImageOfPage\":{\"@id\":\"https:\/\/www.andrae.org\/podcast\/2009\/06\/18\/2-wir-sind-viele\/#primaryimage\"},\"image\":{\"@id\":\"https:\/\/www.andrae.org\/podcast\/2009\/06\/18\/2-wir-sind-viele\/#primaryimage\"},\"thumbnailUrl\":\"http:\/\/farm4.static.flickr.com\/3076\/3225785753_0c061a4db6_m.jpg\",\"datePublished\":\"2009-06-18T09:00:51+00:00\",\"dateModified\":\"2020-08-11T16:20:12+00:00\",\"author\":{\"@id\":\"https:\/\/www.andrae.org\/podcast\/#\/schema\/person\/7f3d1bb5258c637634c17a630fc6e32a\"},\"breadcrumb\":{\"@id\":\"https:\/\/www.andrae.org\/podcast\/2009\/06\/18\/2-wir-sind-viele\/#breadcrumb\"},\"inLanguage\":\"en-US\",\"potentialAction\":[{\"@type\":\"ReadAction\",\"target\":[\"https:\/\/www.andrae.org\/podcast\/2009\/06\/18\/2-wir-sind-viele\/\"]}]},{\"@type\":\"ImageObject\",\"inLanguage\":\"en-US\",\"@id\":\"https:\/\/www.andrae.org\/podcast\/2009\/06\/18\/2-wir-sind-viele\/#primaryimage\",\"url\":\"http:\/\/farm4.static.flickr.com\/3076\/3225785753_0c061a4db6_m.jpg\",\"contentUrl\":\"http:\/\/farm4.static.flickr.com\/3076\/3225785753_0c061a4db6_m.jpg\"},{\"@type\":\"BreadcrumbList\",\"@id\":\"https:\/\/www.andrae.org\/podcast\/2009\/06\/18\/2-wir-sind-viele\/#breadcrumb\",\"itemListElement\":[{\"@type\":\"ListItem\",\"position\":1,\"name\":\"Home\",\"item\":\"https:\/\/www.andrae.org\/podcast\/\"},{\"@type\":\"ListItem\",\"position\":2,\"name\":\"#2 &#8211; Wir sind viele\"}]},{\"@type\":\"WebSite\",\"@id\":\"https:\/\/www.andrae.org\/podcast\/#website\",\"url\":\"https:\/\/www.andrae.org\/podcast\/\",\"name\":\"Monis Motivklingel\",\"description\":\"Im Wesentlichen Fotografie\",\"potentialAction\":[{\"@type\":\"SearchAction\",\"target\":{\"@type\":\"EntryPoint\",\"urlTemplate\":\"https:\/\/www.andrae.org\/podcast\/?s={search_term_string}\"},\"query-input\":{\"@type\":\"PropertyValueSpecification\",\"valueRequired\":true,\"valueName\":\"search_term_string\"}}],\"inLanguage\":\"en-US\"},{\"@type\":\"Person\",\"@id\":\"https:\/\/www.andrae.org\/podcast\/#\/schema\/person\/7f3d1bb5258c637634c17a630fc6e32a\",\"name\":\"Moni\",\"image\":{\"@type\":\"ImageObject\",\"inLanguage\":\"en-US\",\"@id\":\"https:\/\/www.andrae.org\/podcast\/#\/schema\/person\/image\/\",\"url\":\"https:\/\/secure.gravatar.com\/avatar\/36e111922c0b8122d3fd7b9202b76c6d?s=96&d=mm&r=g\",\"contentUrl\":\"https:\/\/secure.gravatar.com\/avatar\/36e111922c0b8122d3fd7b9202b76c6d?s=96&d=mm&r=g\",\"caption\":\"Moni\"},\"sameAs\":[\"http:\/\/\"],\"url\":\"https:\/\/www.andrae.org\/podcast\/author\/moni\/\"}]}<\/script>\n<!-- \/ Yoast SEO plugin. -->","yoast_head_json":{"title":"#2 - Wir sind viele - Monis Motivklingel","robots":{"index":"index","follow":"follow","max-snippet":"max-snippet:-1","max-image-preview":"max-image-preview:large","max-video-preview":"max-video-preview:-1"},"canonical":"https:\/\/www.andrae.org\/podcast\/2009\/06\/18\/2-wir-sind-viele\/","og_locale":"en_US","og_type":"article","og_title":"#2 - Wir sind viele - Monis Motivklingel","og_description":"oder: das Bild im Bild Hin und wieder passiert es, dass man mit einem Bild heimkommt, das so gar nicht das wiedergibt, was man im Motiv gesehen hat (oder gesehen zu haben glaubt). Und dann fragt man sich: &#8220;Wieso habe ich eigentlich auf den Ausl\u00f6ser gedr\u00fcckt?&#8221; Bevor Ihr in so einem Fall den L\u00f6schknopf bet\u00e4tigt Read More","og_url":"https:\/\/www.andrae.org\/podcast\/2009\/06\/18\/2-wir-sind-viele\/","og_site_name":"Monis Motivklingel","article_published_time":"2009-06-18T09:00:51+00:00","article_modified_time":"2020-08-11T16:20:12+00:00","og_image":[{"url":"http:\/\/farm4.static.flickr.com\/3076\/3225785753_0c061a4db6_m.jpg","type":"","width":"","height":""}],"author":"Moni","twitter_card":"summary_large_image","twitter_creator":"@nahlinse","twitter_site":"@nahlinse","twitter_misc":{"Written by":"Moni"},"schema":{"@context":"https:\/\/schema.org","@graph":[{"@type":"WebPage","@id":"https:\/\/www.andrae.org\/podcast\/2009\/06\/18\/2-wir-sind-viele\/","url":"https:\/\/www.andrae.org\/podcast\/2009\/06\/18\/2-wir-sind-viele\/","name":"#2 - Wir sind viele - Monis Motivklingel","isPartOf":{"@id":"https:\/\/www.andrae.org\/podcast\/#website"},"primaryImageOfPage":{"@id":"https:\/\/www.andrae.org\/podcast\/2009\/06\/18\/2-wir-sind-viele\/#primaryimage"},"image":{"@id":"https:\/\/www.andrae.org\/podcast\/2009\/06\/18\/2-wir-sind-viele\/#primaryimage"},"thumbnailUrl":"http:\/\/farm4.static.flickr.com\/3076\/3225785753_0c061a4db6_m.jpg","datePublished":"2009-06-18T09:00:51+00:00","dateModified":"2020-08-11T16:20:12+00:00","author":{"@id":"https:\/\/www.andrae.org\/podcast\/#\/schema\/person\/7f3d1bb5258c637634c17a630fc6e32a"},"breadcrumb":{"@id":"https:\/\/www.andrae.org\/podcast\/2009\/06\/18\/2-wir-sind-viele\/#breadcrumb"},"inLanguage":"en-US","potentialAction":[{"@type":"ReadAction","target":["https:\/\/www.andrae.org\/podcast\/2009\/06\/18\/2-wir-sind-viele\/"]}]},{"@type":"ImageObject","inLanguage":"en-US","@id":"https:\/\/www.andrae.org\/podcast\/2009\/06\/18\/2-wir-sind-viele\/#primaryimage","url":"http:\/\/farm4.static.flickr.com\/3076\/3225785753_0c061a4db6_m.jpg","contentUrl":"http:\/\/farm4.static.flickr.com\/3076\/3225785753_0c061a4db6_m.jpg"},{"@type":"BreadcrumbList","@id":"https:\/\/www.andrae.org\/podcast\/2009\/06\/18\/2-wir-sind-viele\/#breadcrumb","itemListElement":[{"@type":"ListItem","position":1,"name":"Home","item":"https:\/\/www.andrae.org\/podcast\/"},{"@type":"ListItem","position":2,"name":"#2 &#8211; Wir sind viele"}]},{"@type":"WebSite","@id":"https:\/\/www.andrae.org\/podcast\/#website","url":"https:\/\/www.andrae.org\/podcast\/","name":"Monis Motivklingel","description":"Im Wesentlichen Fotografie","potentialAction":[{"@type":"SearchAction","target":{"@type":"EntryPoint","urlTemplate":"https:\/\/www.andrae.org\/podcast\/?s={search_term_string}"},"query-input":{"@type":"PropertyValueSpecification","valueRequired":true,"valueName":"search_term_string"}}],"inLanguage":"en-US"},{"@type":"Person","@id":"https:\/\/www.andrae.org\/podcast\/#\/schema\/person\/7f3d1bb5258c637634c17a630fc6e32a","name":"Moni","image":{"@type":"ImageObject","inLanguage":"en-US","@id":"https:\/\/www.andrae.org\/podcast\/#\/schema\/person\/image\/","url":"https:\/\/secure.gravatar.com\/avatar\/36e111922c0b8122d3fd7b9202b76c6d?s=96&d=mm&r=g","contentUrl":"https:\/\/secure.gravatar.com\/avatar\/36e111922c0b8122d3fd7b9202b76c6d?s=96&d=mm&r=g","caption":"Moni"},"sameAs":["http:\/\/"],"url":"https:\/\/www.andrae.org\/podcast\/author\/moni\/"}]}},"_links":{"self":[{"href":"https:\/\/www.andrae.org\/podcast\/wp-json\/wp\/v2\/posts\/59","targetHints":{"allow":["GET"]}}],"collection":[{"href":"https:\/\/www.andrae.org\/podcast\/wp-json\/wp\/v2\/posts"}],"about":[{"href":"https:\/\/www.andrae.org\/podcast\/wp-json\/wp\/v2\/types\/post"}],"author":[{"embeddable":true,"href":"https:\/\/www.andrae.org\/podcast\/wp-json\/wp\/v2\/users\/2"}],"replies":[{"embeddable":true,"href":"https:\/\/www.andrae.org\/podcast\/wp-json\/wp\/v2\/comments?post=59"}],"version-history":[{"count":20,"href":"https:\/\/www.andrae.org\/podcast\/wp-json\/wp\/v2\/posts\/59\/revisions"}],"predecessor-version":[{"id":1416,"href":"https:\/\/www.andrae.org\/podcast\/wp-json\/wp\/v2\/posts\/59\/revisions\/1416"}],"wp:attachment":[{"href":"https:\/\/www.andrae.org\/podcast\/wp-json\/wp\/v2\/media?parent=59"}],"wp:term":[{"taxonomy":"category","embeddable":true,"href":"https:\/\/www.andrae.org\/podcast\/wp-json\/wp\/v2\/categories?post=59"},{"taxonomy":"post_tag","embeddable":true,"href":"https:\/\/www.andrae.org\/podcast\/wp-json\/wp\/v2\/tags?post=59"}],"curies":[{"name":"wp","href":"https:\/\/api.w.org\/{rel}","templated":true}]}}