{"id":474,"date":"2009-11-12T07:32:52","date_gmt":"2009-11-12T06:32:52","guid":{"rendered":"http:\/\/www.andrae.org\/podcast\/?p=474"},"modified":"2009-11-12T08:22:31","modified_gmt":"2009-11-12T07:22:31","slug":"21-herbst","status":"publish","type":"post","link":"https:\/\/www.andrae.org\/podcast\/2009\/11\/12\/21-herbst\/","title":{"rendered":"#21 &#8211; Herbst"},"content":{"rendered":"<p style=\"border-style: initial; border-color: initial; font-style: inherit; font-weight: inherit; vertical-align: baseline; margin: 0px;\"><span style=\"color: #000000;\"> <\/span><\/p>\n<div id=\"attachment_478\" style=\"width: 210px\" class=\"wp-caption alignright\"><img loading=\"lazy\" decoding=\"async\" aria-describedby=\"caption-attachment-478\" class=\"size-medium wp-image-478\" title=\"Regenschirme. Viele. \u00a9 Monika Andrae\" src=\"http:\/\/www.andrae.org\/podcast\/wp-content\/uploads\/2009\/11\/20080525-_DSC0012_080525-2-200x300.jpg\" alt=\"Regenschirme. Viele. \u00a9 Monika Andrae\" width=\"200\" height=\"300\" srcset=\"https:\/\/www.andrae.org\/podcast\/wp-content\/uploads\/2009\/11\/20080525-_DSC0012_080525-2-200x300.jpg 200w, https:\/\/www.andrae.org\/podcast\/wp-content\/uploads\/2009\/11\/20080525-_DSC0012_080525-2.jpg 300w\" sizes=\"auto, (max-width: 200px) 100vw, 200px\" \/><p id=\"caption-attachment-478\" class=\"wp-caption-text\">Regenschirme. Viele. \u00a9 Monika Andrae<\/p><\/div>\n<p>Der Herbst bietet einem &#8220;ganz spezielle&#8221; Rahmenbedingungen f\u00fcr Fotografie.<\/p>\n<ul>\n<li>Oft wolkenverhangenen, grauen Himmel<\/li>\n<li>Deutlich absinkende Temperaturen (brrrr &#8230;)<\/li>\n<li>Kurze Tage (vorne wie hinten)<\/li>\n<li>Haufenweise Regen<\/li>\n<li>Nebel<\/li>\n<li>Dunkelheit<\/li>\n<\/ul>\n<p>Klingt auf den ersten Blick wie ziemlich miese Bedingungen &#8211; sollte man seine Kamera jetzt f\u00fcr den Winterschlaf einmotten und erst in der warmen Jahresh\u00e4lfte wieder rausholen? Wir (= Moni und &#8220;Special Guest&#8221; <a href=\"http:\/\/www.chrismarquardt.com\" target=\"_blank\">Chris Marquardt<\/a>) finden das nicht. In der heutigen Sendung geht&#8217;s um Herbstmotive, Herbstlicht und vieles mehr.<\/p>\n<p><strong>Au\u00dferdem dabei:<\/strong><\/p>\n<ul>\n<li>Neu in der Motivklingel: Die Beantwortung von <a href=\"http:\/\/twitter.com\/#search?q=klingelfrage\" target=\"_blank\">H\u00f6rerfragen aus twitter<\/a>.<\/li>\n<li>Wir l\u00f6sen den <a href=\"http:\/\/www.flickr.com\/groups\/motivklingel\/discuss\/72157622540410260\/\" target=\"_blank\">Eisernen Fotografen #4 <\/a>auf und stellen gleich zwei neue Aufgaben &#8211; eine f\u00fcr die Motivklingelh\u00f6rer und eine f\u00fcr fremdh\u00f6rende Happyshooter.<\/li>\n<\/ul>\n<p><strong>F\u00fcr Motivklingelh\u00f6rer: Der Eiserne Fotograf #5<br \/>\n<span style=\"font-weight: normal;\">Mache ein neues Foto, das alle folgenden Elemente enth\u00e4lt:<\/span><\/strong><\/p>\n<ol>\n<li>Regen<\/li>\n<li>Das Licht einer Lampe<\/li>\n<li>Eine Gedichtzeile (Liedzeile), die das ganze zusammen h\u00e4lt<\/li>\n<\/ol>\n<p>Die Aufgabe (Tag mmkef5), l\u00e4uft bis Mittwoch, 25. November 2009). Die vollst\u00e4ndige Beschreibung der Aufgabe und das Drumrum-Procederes gibt es wie immer <a href=\"http:\/\/www.flickr.com\/groups\/motivklingel\/discuss\/72157622787001386\/\" target=\"_blank\">in der entsprechenden Flickr-Gruppe<\/a>.<\/p>\n<p><strong>Der Eiserne Fotograf f\u00fcr <a href=\"http:\/\/www.happyshooting.de\" target=\"_blank\">Happy-Shooting<\/a>-H\u00f6rer:<br \/>\n<span style=\"font-weight: normal;\">Mache ein neues Foto, das alle folgenden Elemente enth\u00e4lt:<\/span><\/strong><\/p>\n<ol>\n<li>Die Zahl 11<\/li>\n<li>Herbstfarben<\/li>\n<li>Bewegungsunsch\u00e4rfe<\/li>\n<\/ol>\n<p>Tag: hseisern<\/p>\n<p><strong>Links zur Sendung:<\/strong><\/p>\n<ul>\n<li>TheFisheye: <a href=\"http:\/\/www.flickr.com\/photos\/helmutinmalaysia\/4007679258\/\" target=\"_blank\">Der Eiserne Fotograf 4<\/a><\/li>\n<li>Hoptografie: <a href=\"http:\/\/www.flickr.com\/photos\/hoptographie\/4045496349\/\" target=\"_blank\">good morning, shower<\/a> &#8230;<\/li>\n<\/ul>\n<p><a href=\"http:\/\/www.podtrac.com\/pts\/redirect.mp3\/media.monismotivklingel.de\/mmk021_herbst.mp3\" target=\"_blank\">Episode herunterladen<\/a><\/p>\n","protected":false},"excerpt":{"rendered":"<p>Der Herbst bietet einem &#8220;ganz spezielle&#8221; Rahmenbedingungen f\u00fcr Fotografie.<\/p>\n<p>Wolkenverhangenen, grauen Himmel, deutlich absinkende Temperaturen (brrrr &#8230;), kurze Tage (vorne wie hinten), haufenweise Regen, Nebel und Dunkelheit.<br \/>\nKlingt auf den ersten Blick wie ziemlich miese Bedingungen &#8211; sollte man seine Kamera jetzt f\u00fcr den Winterschlaf einmotten und erst in der warmen Jahresh\u00e4lfte wieder rausholen? Wir (= Moni und &#8220;Special Guest&#8221; Chris Marquardt) finden das nicht. In der heutigen Sendung geht&#8217;s um Herbstmotive, Herbstlicht und vieles mehr.<a class=\"read-more \" href=\"https:\/\/www.andrae.org\/podcast\/2009\/11\/12\/21-herbst\/\" title=\"Read More\"> <span class=\"button default\">Read More<\/span><\/a><\/p>\n","protected":false},"author":2,"featured_media":0,"comment_status":"open","ping_status":"open","sticky":false,"template":"","format":"standard","meta":{"ngg_post_thumbnail":0,"footnotes":""},"categories":[1],"tags":[39,68,104,109,36,107,106,105,108],"class_list":["post-474","post","type-post","status-publish","format-standard","hentry","category-motivklingel","tag-aufgabe","tag-eiserner-fotograf","tag-herbst","tag-kloster","tag-licht","tag-nebel","tag-portrait","tag-portrat","tag-regen"],"yoast_head":"<!-- This site is optimized with the Yoast SEO plugin v24.1 - https:\/\/yoast.com\/wordpress\/plugins\/seo\/ -->\n<title>#21 - Herbst - Monis Motivklingel<\/title>\n<meta name=\"robots\" content=\"index, follow, max-snippet:-1, max-image-preview:large, max-video-preview:-1\" \/>\n<link rel=\"canonical\" href=\"https:\/\/www.andrae.org\/podcast\/2009\/11\/12\/21-herbst\/\" \/>\n<meta property=\"og:locale\" content=\"en_US\" \/>\n<meta property=\"og:type\" content=\"article\" \/>\n<meta property=\"og:title\" content=\"#21 - Herbst - Monis Motivklingel\" \/>\n<meta property=\"og:description\" content=\"Der Herbst bietet einem &quot;ganz spezielle&quot; Rahmenbedingungen f\u00fcr Fotografie.  Wolkenverhangenen, grauen Himmel, deutlich absinkende Temperaturen (brrrr ...), kurze Tage (vorne wie hinten), haufenweise Regen, Nebel und Dunkelheit. Klingt auf den ersten Blick wie ziemlich miese Bedingungen - sollte man seine Kamera jetzt f\u00fcr den Winterschlaf einmotten und erst in der warmen Jahresh\u00e4lfte wieder rausholen? Wir (= Moni und &quot;Special Guest&quot; Chris Marquardt) finden das nicht. In der heutigen Sendung geht&#039;s um Herbstmotive, Herbstlicht und vieles mehr. Read More\" \/>\n<meta property=\"og:url\" content=\"https:\/\/www.andrae.org\/podcast\/2009\/11\/12\/21-herbst\/\" \/>\n<meta property=\"og:site_name\" content=\"Monis Motivklingel\" \/>\n<meta property=\"article:published_time\" content=\"2009-11-12T06:32:52+00:00\" \/>\n<meta property=\"article:modified_time\" content=\"2009-11-12T07:22:31+00:00\" \/>\n<meta property=\"og:image\" content=\"https:\/\/www.andrae.org\/podcast\/wp-content\/uploads\/2009\/11\/20080525-_DSC0012_080525-2.jpg\" \/>\n\t<meta property=\"og:image:width\" content=\"300\" \/>\n\t<meta property=\"og:image:height\" content=\"448\" \/>\n\t<meta property=\"og:image:type\" content=\"image\/jpeg\" \/>\n<meta name=\"author\" content=\"Moni\" \/>\n<meta name=\"twitter:card\" content=\"summary_large_image\" \/>\n<meta name=\"twitter:creator\" content=\"@nahlinse\" \/>\n<meta name=\"twitter:site\" content=\"@nahlinse\" \/>\n<meta name=\"twitter:label1\" content=\"Written by\" \/>\n\t<meta name=\"twitter:data1\" content=\"Moni\" \/>\n\t<meta name=\"twitter:label2\" content=\"Est. reading time\" \/>\n\t<meta name=\"twitter:data2\" content=\"1 minute\" \/>\n<script type=\"application\/ld+json\" class=\"yoast-schema-graph\">{\"@context\":\"https:\/\/schema.org\",\"@graph\":[{\"@type\":\"WebPage\",\"@id\":\"https:\/\/www.andrae.org\/podcast\/2009\/11\/12\/21-herbst\/\",\"url\":\"https:\/\/www.andrae.org\/podcast\/2009\/11\/12\/21-herbst\/\",\"name\":\"#21 - Herbst - Monis Motivklingel\",\"isPartOf\":{\"@id\":\"https:\/\/www.andrae.org\/podcast\/#website\"},\"primaryImageOfPage\":{\"@id\":\"https:\/\/www.andrae.org\/podcast\/2009\/11\/12\/21-herbst\/#primaryimage\"},\"image\":{\"@id\":\"https:\/\/www.andrae.org\/podcast\/2009\/11\/12\/21-herbst\/#primaryimage\"},\"thumbnailUrl\":\"http:\/\/www.andrae.org\/podcast\/wp-content\/uploads\/2009\/11\/20080525-_DSC0012_080525-2-200x300.jpg\",\"datePublished\":\"2009-11-12T06:32:52+00:00\",\"dateModified\":\"2009-11-12T07:22:31+00:00\",\"author\":{\"@id\":\"https:\/\/www.andrae.org\/podcast\/#\/schema\/person\/7f3d1bb5258c637634c17a630fc6e32a\"},\"breadcrumb\":{\"@id\":\"https:\/\/www.andrae.org\/podcast\/2009\/11\/12\/21-herbst\/#breadcrumb\"},\"inLanguage\":\"en-US\",\"potentialAction\":[{\"@type\":\"ReadAction\",\"target\":[\"https:\/\/www.andrae.org\/podcast\/2009\/11\/12\/21-herbst\/\"]}]},{\"@type\":\"ImageObject\",\"inLanguage\":\"en-US\",\"@id\":\"https:\/\/www.andrae.org\/podcast\/2009\/11\/12\/21-herbst\/#primaryimage\",\"url\":\"http:\/\/www.andrae.org\/podcast\/wp-content\/uploads\/2009\/11\/20080525-_DSC0012_080525-2-200x300.jpg\",\"contentUrl\":\"http:\/\/www.andrae.org\/podcast\/wp-content\/uploads\/2009\/11\/20080525-_DSC0012_080525-2-200x300.jpg\"},{\"@type\":\"BreadcrumbList\",\"@id\":\"https:\/\/www.andrae.org\/podcast\/2009\/11\/12\/21-herbst\/#breadcrumb\",\"itemListElement\":[{\"@type\":\"ListItem\",\"position\":1,\"name\":\"Home\",\"item\":\"https:\/\/www.andrae.org\/podcast\/\"},{\"@type\":\"ListItem\",\"position\":2,\"name\":\"#21 &#8211; Herbst\"}]},{\"@type\":\"WebSite\",\"@id\":\"https:\/\/www.andrae.org\/podcast\/#website\",\"url\":\"https:\/\/www.andrae.org\/podcast\/\",\"name\":\"Monis Motivklingel\",\"description\":\"Im Wesentlichen Fotografie\",\"potentialAction\":[{\"@type\":\"SearchAction\",\"target\":{\"@type\":\"EntryPoint\",\"urlTemplate\":\"https:\/\/www.andrae.org\/podcast\/?s={search_term_string}\"},\"query-input\":{\"@type\":\"PropertyValueSpecification\",\"valueRequired\":true,\"valueName\":\"search_term_string\"}}],\"inLanguage\":\"en-US\"},{\"@type\":\"Person\",\"@id\":\"https:\/\/www.andrae.org\/podcast\/#\/schema\/person\/7f3d1bb5258c637634c17a630fc6e32a\",\"name\":\"Moni\",\"image\":{\"@type\":\"ImageObject\",\"inLanguage\":\"en-US\",\"@id\":\"https:\/\/www.andrae.org\/podcast\/#\/schema\/person\/image\/\",\"url\":\"https:\/\/secure.gravatar.com\/avatar\/36e111922c0b8122d3fd7b9202b76c6d?s=96&d=mm&r=g\",\"contentUrl\":\"https:\/\/secure.gravatar.com\/avatar\/36e111922c0b8122d3fd7b9202b76c6d?s=96&d=mm&r=g\",\"caption\":\"Moni\"},\"sameAs\":[\"http:\/\/\"],\"url\":\"https:\/\/www.andrae.org\/podcast\/author\/moni\/\"}]}<\/script>\n<!-- \/ Yoast SEO plugin. -->","yoast_head_json":{"title":"#21 - Herbst - Monis Motivklingel","robots":{"index":"index","follow":"follow","max-snippet":"max-snippet:-1","max-image-preview":"max-image-preview:large","max-video-preview":"max-video-preview:-1"},"canonical":"https:\/\/www.andrae.org\/podcast\/2009\/11\/12\/21-herbst\/","og_locale":"en_US","og_type":"article","og_title":"#21 - Herbst - Monis Motivklingel","og_description":"Der Herbst bietet einem \"ganz spezielle\" Rahmenbedingungen f\u00fcr Fotografie.  Wolkenverhangenen, grauen Himmel, deutlich absinkende Temperaturen (brrrr ...), kurze Tage (vorne wie hinten), haufenweise Regen, Nebel und Dunkelheit. Klingt auf den ersten Blick wie ziemlich miese Bedingungen - sollte man seine Kamera jetzt f\u00fcr den Winterschlaf einmotten und erst in der warmen Jahresh\u00e4lfte wieder rausholen? Wir (= Moni und \"Special Guest\" Chris Marquardt) finden das nicht. In der heutigen Sendung geht's um Herbstmotive, Herbstlicht und vieles mehr. Read More","og_url":"https:\/\/www.andrae.org\/podcast\/2009\/11\/12\/21-herbst\/","og_site_name":"Monis Motivklingel","article_published_time":"2009-11-12T06:32:52+00:00","article_modified_time":"2009-11-12T07:22:31+00:00","og_image":[{"width":300,"height":448,"url":"https:\/\/www.andrae.org\/podcast\/wp-content\/uploads\/2009\/11\/20080525-_DSC0012_080525-2.jpg","type":"image\/jpeg"}],"author":"Moni","twitter_card":"summary_large_image","twitter_creator":"@nahlinse","twitter_site":"@nahlinse","twitter_misc":{"Written by":"Moni","Est. reading time":"1 minute"},"schema":{"@context":"https:\/\/schema.org","@graph":[{"@type":"WebPage","@id":"https:\/\/www.andrae.org\/podcast\/2009\/11\/12\/21-herbst\/","url":"https:\/\/www.andrae.org\/podcast\/2009\/11\/12\/21-herbst\/","name":"#21 - Herbst - Monis Motivklingel","isPartOf":{"@id":"https:\/\/www.andrae.org\/podcast\/#website"},"primaryImageOfPage":{"@id":"https:\/\/www.andrae.org\/podcast\/2009\/11\/12\/21-herbst\/#primaryimage"},"image":{"@id":"https:\/\/www.andrae.org\/podcast\/2009\/11\/12\/21-herbst\/#primaryimage"},"thumbnailUrl":"http:\/\/www.andrae.org\/podcast\/wp-content\/uploads\/2009\/11\/20080525-_DSC0012_080525-2-200x300.jpg","datePublished":"2009-11-12T06:32:52+00:00","dateModified":"2009-11-12T07:22:31+00:00","author":{"@id":"https:\/\/www.andrae.org\/podcast\/#\/schema\/person\/7f3d1bb5258c637634c17a630fc6e32a"},"breadcrumb":{"@id":"https:\/\/www.andrae.org\/podcast\/2009\/11\/12\/21-herbst\/#breadcrumb"},"inLanguage":"en-US","potentialAction":[{"@type":"ReadAction","target":["https:\/\/www.andrae.org\/podcast\/2009\/11\/12\/21-herbst\/"]}]},{"@type":"ImageObject","inLanguage":"en-US","@id":"https:\/\/www.andrae.org\/podcast\/2009\/11\/12\/21-herbst\/#primaryimage","url":"http:\/\/www.andrae.org\/podcast\/wp-content\/uploads\/2009\/11\/20080525-_DSC0012_080525-2-200x300.jpg","contentUrl":"http:\/\/www.andrae.org\/podcast\/wp-content\/uploads\/2009\/11\/20080525-_DSC0012_080525-2-200x300.jpg"},{"@type":"BreadcrumbList","@id":"https:\/\/www.andrae.org\/podcast\/2009\/11\/12\/21-herbst\/#breadcrumb","itemListElement":[{"@type":"ListItem","position":1,"name":"Home","item":"https:\/\/www.andrae.org\/podcast\/"},{"@type":"ListItem","position":2,"name":"#21 &#8211; Herbst"}]},{"@type":"WebSite","@id":"https:\/\/www.andrae.org\/podcast\/#website","url":"https:\/\/www.andrae.org\/podcast\/","name":"Monis Motivklingel","description":"Im Wesentlichen Fotografie","potentialAction":[{"@type":"SearchAction","target":{"@type":"EntryPoint","urlTemplate":"https:\/\/www.andrae.org\/podcast\/?s={search_term_string}"},"query-input":{"@type":"PropertyValueSpecification","valueRequired":true,"valueName":"search_term_string"}}],"inLanguage":"en-US"},{"@type":"Person","@id":"https:\/\/www.andrae.org\/podcast\/#\/schema\/person\/7f3d1bb5258c637634c17a630fc6e32a","name":"Moni","image":{"@type":"ImageObject","inLanguage":"en-US","@id":"https:\/\/www.andrae.org\/podcast\/#\/schema\/person\/image\/","url":"https:\/\/secure.gravatar.com\/avatar\/36e111922c0b8122d3fd7b9202b76c6d?s=96&d=mm&r=g","contentUrl":"https:\/\/secure.gravatar.com\/avatar\/36e111922c0b8122d3fd7b9202b76c6d?s=96&d=mm&r=g","caption":"Moni"},"sameAs":["http:\/\/"],"url":"https:\/\/www.andrae.org\/podcast\/author\/moni\/"}]}},"_links":{"self":[{"href":"https:\/\/www.andrae.org\/podcast\/wp-json\/wp\/v2\/posts\/474","targetHints":{"allow":["GET"]}}],"collection":[{"href":"https:\/\/www.andrae.org\/podcast\/wp-json\/wp\/v2\/posts"}],"about":[{"href":"https:\/\/www.andrae.org\/podcast\/wp-json\/wp\/v2\/types\/post"}],"author":[{"embeddable":true,"href":"https:\/\/www.andrae.org\/podcast\/wp-json\/wp\/v2\/users\/2"}],"replies":[{"embeddable":true,"href":"https:\/\/www.andrae.org\/podcast\/wp-json\/wp\/v2\/comments?post=474"}],"version-history":[{"count":16,"href":"https:\/\/www.andrae.org\/podcast\/wp-json\/wp\/v2\/posts\/474\/revisions"}],"predecessor-version":[{"id":484,"href":"https:\/\/www.andrae.org\/podcast\/wp-json\/wp\/v2\/posts\/474\/revisions\/484"}],"wp:attachment":[{"href":"https:\/\/www.andrae.org\/podcast\/wp-json\/wp\/v2\/media?parent=474"}],"wp:term":[{"taxonomy":"category","embeddable":true,"href":"https:\/\/www.andrae.org\/podcast\/wp-json\/wp\/v2\/categories?post=474"},{"taxonomy":"post_tag","embeddable":true,"href":"https:\/\/www.andrae.org\/podcast\/wp-json\/wp\/v2\/tags?post=474"}],"curies":[{"name":"wp","href":"https:\/\/api.w.org\/{rel}","templated":true}]}}