{"id":156,"date":"2009-07-16T06:38:52","date_gmt":"2009-07-16T05:38:52","guid":{"rendered":"http:\/\/www.andrae.org\/podcast\/?p=156"},"modified":"2009-07-22T15:56:03","modified_gmt":"2009-07-22T14:56:03","slug":"6-ganz-schon-negativ","status":"publish","type":"post","link":"https:\/\/www.andrae.org\/podcast\/2009\/07\/16\/6-ganz-schon-negativ\/","title":{"rendered":"#6 &#8211; Ganz sch\u00f6n negativ"},"content":{"rendered":"<div style=\"width: 237px\" class=\"wp-caption alignright\"><img loading=\"lazy\" decoding=\"async\" title=\"Rubins Vase.\" src=\"http:\/\/upload.wikimedia.org\/wikipedia\/en\/b\/b5\/Rubin2.jpg\" alt=\"Rubins Vase. Quelle: wikimedia\" width=\"227\" height=\"173\" \/><p class=\"wp-caption-text\">Rubin&#39;s Vase. Quelle: wikimedia<\/p><\/div>\n<p>Beim letzen Mal ging es um das, was au\u00dfer dem Bildgegenstand noch im Bild sein sollte und was nicht.<\/p>\n<p>Heute kn\u00fcpfe ich daran an und rede mal \u00fcber das, was zwar nicht Motiv ist, aber zwangsl\u00e4ufig immer im Bild sein muss &#8211; den sogenannten negativen Raum. Es lohnt sich, ihn bei der Gestaltung bzw. Aufteilung des Bildausschnitts mit in die \u00dcberlegungen einzubeziehen. Er kann helfen, das Motiv richtig in Szene zu setzen.<\/p>\n<div style=\"width: 250px\" class=\"wp-caption alignright\"><a href=\"http:\/\/enlarger.myd3.com\/view\/370771826?bgcolor=101010\"><img loading=\"lazy\" decoding=\"async\" class=\" \" title=\"traffic at railroad crossing\" src=\"http:\/\/farm1.static.flickr.com\/136\/370771826_3fb45d3107_m.jpg\" alt=\"traffic at railroad crossing. \u00a9 Monika Andrae\" width=\"240\" height=\"161\" \/><\/a><p class=\"wp-caption-text\">traffic at railroad crossing. \u00a9 Monika Andrae<\/p><\/div>\n<p>Achtung: das klingt furchtbar theoretisch &#8211; macht aber in der Praxis gro\u00dfen Spa\u00df \ud83d\ude42<\/p>\n<p>Habt Ihr Fotos auf Flickr, wo der negativer Raum einen gro\u00dfen Einfluss auf die Bildgestaltung hatte? \u00a0Wenn Ihr m\u00f6gt, vergebt doch daf\u00fcr das Flickr-Tag \u00a0&#8220;<a href=\"http:\/\/www.flickr.com\/search\/?ss=1&amp;w=all&amp;q=mmknegativ&amp;m=text\" target=\"_blank\">mmknegativ<\/a>&#8220;.<\/p>\n<p><strong>Nachtrag zur vorletzen Sendung<\/strong><br \/>\n(<a href=\"http:\/\/www.andrae.org\/podcast\/2009\/07\/02\/4-gar-nicht-scharf\/\" target=\"_self\">#4 &#8211; Gar nicht scharf<\/a>):<\/p>\n<div style=\"width: 174px\" class=\"wp-caption alignright\"><a href=\"http:\/\/www.flickr.com\/photos\/nahlinse\/2487024876\/\"><img loading=\"lazy\" decoding=\"async\" class=\" \" title=\"lonely cloud\" src=\"http:\/\/farm3.static.flickr.com\/2145\/2487024876_e06c70c25c_m.jpg\" alt=\"\" width=\"164\" height=\"240\" \/><\/a><p class=\"wp-caption-text\">lonely cloud, Holocaust Mahnmal Berlin, \u00a9 Monika Andrae<\/p><\/div>\n<p>Paul hat angeregt einen Flickr-Tag f\u00fcr diese  \u201cfast tollen\u201d, aber etwas unscharfen Bilder einzuf\u00fchren.  Ich halte das f\u00fcr eine richtig gute Idee! Tag f\u00fcr Folge 4 ist deshalb:&#8221;<a href=\"http:\/\/www.flickr.com\/search\/?q=mmkunscharf&amp;amp;w=all\" target=\"_blank\">mmkunscharf<\/a>&#8220;.<\/p>\n<p><strong>Ich habe ein Luxusproblem <\/strong><strong>&#8211; n\u00e4mlich zuviele gute Jingles.<\/strong><br \/>\nBitte helft mir heraus aus meinem Dilemma und stimmt ab!<\/p>\n[poll id=&#8221;1&#8243;]\n<p><a href=\"http:\/\/www.podtrac.com\/pts\/redirect.mp3\/media.tipsfromthetopfloor.com\/mmk\/mmk006_negativ.mp3\">Episode herunterladen<\/a><\/p>\n","protected":false},"excerpt":{"rendered":"<p>Heute kn\u00fcpfe ich an #5 an und rede mal \u00fcber das, was zwar nicht Motiv ist, aber zwangsl\u00e4ufig immer im Bild sein muss &#8211; den sogenannten negativen Raum. Es lohnt sich, ihn bei der Gestaltung bzw. Aufteilung des Bildausschnitts mit in die \u00dcberlegungen einzubeziehen. Er kann helfen, das Motiv richtig in Szene zu setzen.<a class=\"read-more \" href=\"https:\/\/www.andrae.org\/podcast\/2009\/07\/16\/6-ganz-schon-negativ\/\" title=\"Read More\"> <span class=\"button default\">Read More<\/span><\/a><\/p>\n","protected":false},"author":2,"featured_media":0,"comment_status":"open","ping_status":"open","sticky":false,"template":"","format":"standard","meta":{"ngg_post_thumbnail":0,"footnotes":""},"categories":[1],"tags":[33,31,12,30,32],"class_list":["post-156","post","type-post","status-publish","format-standard","hentry","category-motivklingel","tag-gegenstand","tag-jingle","tag-motiv","tag-negativer-raum","tag-umfrage"],"yoast_head":"<!-- This site is optimized with the Yoast SEO plugin v24.1 - https:\/\/yoast.com\/wordpress\/plugins\/seo\/ -->\n<title>#6 - Ganz sch\u00f6n negativ - Monis Motivklingel<\/title>\n<meta name=\"robots\" content=\"index, follow, max-snippet:-1, max-image-preview:large, max-video-preview:-1\" \/>\n<link rel=\"canonical\" href=\"https:\/\/www.andrae.org\/podcast\/2009\/07\/16\/6-ganz-schon-negativ\/\" \/>\n<meta property=\"og:locale\" content=\"en_US\" \/>\n<meta property=\"og:type\" content=\"article\" \/>\n<meta property=\"og:title\" content=\"#6 - Ganz sch\u00f6n negativ - Monis Motivklingel\" \/>\n<meta property=\"og:description\" content=\"Heute kn\u00fcpfe ich an #5 an und rede mal \u00fcber das, was zwar nicht Motiv ist, aber zwangsl\u00e4ufig immer im Bild sein muss - den sogenannten negativen Raum. Es lohnt sich, ihn bei der Gestaltung bzw. Aufteilung des Bildausschnitts mit in die \u00dcberlegungen einzubeziehen. Er kann helfen, das Motiv richtig in Szene zu setzen. Read More\" \/>\n<meta property=\"og:url\" content=\"https:\/\/www.andrae.org\/podcast\/2009\/07\/16\/6-ganz-schon-negativ\/\" \/>\n<meta property=\"og:site_name\" content=\"Monis Motivklingel\" \/>\n<meta property=\"article:published_time\" content=\"2009-07-16T05:38:52+00:00\" \/>\n<meta property=\"article:modified_time\" content=\"2009-07-22T14:56:03+00:00\" \/>\n<meta property=\"og:image\" content=\"http:\/\/upload.wikimedia.org\/wikipedia\/en\/b\/b5\/Rubin2.jpg\" \/>\n<meta name=\"author\" content=\"Moni\" \/>\n<meta name=\"twitter:card\" content=\"summary_large_image\" \/>\n<meta name=\"twitter:creator\" content=\"@nahlinse\" \/>\n<meta name=\"twitter:site\" content=\"@nahlinse\" \/>\n<meta name=\"twitter:label1\" content=\"Written by\" \/>\n\t<meta name=\"twitter:data1\" content=\"Moni\" \/>\n\t<meta name=\"twitter:label2\" content=\"Est. reading time\" \/>\n\t<meta name=\"twitter:data2\" content=\"1 minute\" \/>\n<script type=\"application\/ld+json\" class=\"yoast-schema-graph\">{\"@context\":\"https:\/\/schema.org\",\"@graph\":[{\"@type\":\"WebPage\",\"@id\":\"https:\/\/www.andrae.org\/podcast\/2009\/07\/16\/6-ganz-schon-negativ\/\",\"url\":\"https:\/\/www.andrae.org\/podcast\/2009\/07\/16\/6-ganz-schon-negativ\/\",\"name\":\"#6 - Ganz sch\u00f6n negativ - Monis Motivklingel\",\"isPartOf\":{\"@id\":\"https:\/\/www.andrae.org\/podcast\/#website\"},\"primaryImageOfPage\":{\"@id\":\"https:\/\/www.andrae.org\/podcast\/2009\/07\/16\/6-ganz-schon-negativ\/#primaryimage\"},\"image\":{\"@id\":\"https:\/\/www.andrae.org\/podcast\/2009\/07\/16\/6-ganz-schon-negativ\/#primaryimage\"},\"thumbnailUrl\":\"http:\/\/upload.wikimedia.org\/wikipedia\/en\/b\/b5\/Rubin2.jpg\",\"datePublished\":\"2009-07-16T05:38:52+00:00\",\"dateModified\":\"2009-07-22T14:56:03+00:00\",\"author\":{\"@id\":\"https:\/\/www.andrae.org\/podcast\/#\/schema\/person\/7f3d1bb5258c637634c17a630fc6e32a\"},\"breadcrumb\":{\"@id\":\"https:\/\/www.andrae.org\/podcast\/2009\/07\/16\/6-ganz-schon-negativ\/#breadcrumb\"},\"inLanguage\":\"en-US\",\"potentialAction\":[{\"@type\":\"ReadAction\",\"target\":[\"https:\/\/www.andrae.org\/podcast\/2009\/07\/16\/6-ganz-schon-negativ\/\"]}]},{\"@type\":\"ImageObject\",\"inLanguage\":\"en-US\",\"@id\":\"https:\/\/www.andrae.org\/podcast\/2009\/07\/16\/6-ganz-schon-negativ\/#primaryimage\",\"url\":\"http:\/\/upload.wikimedia.org\/wikipedia\/en\/b\/b5\/Rubin2.jpg\",\"contentUrl\":\"http:\/\/upload.wikimedia.org\/wikipedia\/en\/b\/b5\/Rubin2.jpg\"},{\"@type\":\"BreadcrumbList\",\"@id\":\"https:\/\/www.andrae.org\/podcast\/2009\/07\/16\/6-ganz-schon-negativ\/#breadcrumb\",\"itemListElement\":[{\"@type\":\"ListItem\",\"position\":1,\"name\":\"Home\",\"item\":\"https:\/\/www.andrae.org\/podcast\/\"},{\"@type\":\"ListItem\",\"position\":2,\"name\":\"#6 &#8211; Ganz sch\u00f6n negativ\"}]},{\"@type\":\"WebSite\",\"@id\":\"https:\/\/www.andrae.org\/podcast\/#website\",\"url\":\"https:\/\/www.andrae.org\/podcast\/\",\"name\":\"Monis Motivklingel\",\"description\":\"Im Wesentlichen Fotografie\",\"potentialAction\":[{\"@type\":\"SearchAction\",\"target\":{\"@type\":\"EntryPoint\",\"urlTemplate\":\"https:\/\/www.andrae.org\/podcast\/?s={search_term_string}\"},\"query-input\":{\"@type\":\"PropertyValueSpecification\",\"valueRequired\":true,\"valueName\":\"search_term_string\"}}],\"inLanguage\":\"en-US\"},{\"@type\":\"Person\",\"@id\":\"https:\/\/www.andrae.org\/podcast\/#\/schema\/person\/7f3d1bb5258c637634c17a630fc6e32a\",\"name\":\"Moni\",\"image\":{\"@type\":\"ImageObject\",\"inLanguage\":\"en-US\",\"@id\":\"https:\/\/www.andrae.org\/podcast\/#\/schema\/person\/image\/\",\"url\":\"https:\/\/secure.gravatar.com\/avatar\/36e111922c0b8122d3fd7b9202b76c6d?s=96&d=mm&r=g\",\"contentUrl\":\"https:\/\/secure.gravatar.com\/avatar\/36e111922c0b8122d3fd7b9202b76c6d?s=96&d=mm&r=g\",\"caption\":\"Moni\"},\"sameAs\":[\"http:\/\/\"],\"url\":\"https:\/\/www.andrae.org\/podcast\/author\/moni\/\"}]}<\/script>\n<!-- \/ Yoast SEO plugin. -->","yoast_head_json":{"title":"#6 - Ganz sch\u00f6n negativ - Monis Motivklingel","robots":{"index":"index","follow":"follow","max-snippet":"max-snippet:-1","max-image-preview":"max-image-preview:large","max-video-preview":"max-video-preview:-1"},"canonical":"https:\/\/www.andrae.org\/podcast\/2009\/07\/16\/6-ganz-schon-negativ\/","og_locale":"en_US","og_type":"article","og_title":"#6 - Ganz sch\u00f6n negativ - Monis Motivklingel","og_description":"Heute kn\u00fcpfe ich an #5 an und rede mal \u00fcber das, was zwar nicht Motiv ist, aber zwangsl\u00e4ufig immer im Bild sein muss - den sogenannten negativen Raum. Es lohnt sich, ihn bei der Gestaltung bzw. Aufteilung des Bildausschnitts mit in die \u00dcberlegungen einzubeziehen. Er kann helfen, das Motiv richtig in Szene zu setzen. Read More","og_url":"https:\/\/www.andrae.org\/podcast\/2009\/07\/16\/6-ganz-schon-negativ\/","og_site_name":"Monis Motivklingel","article_published_time":"2009-07-16T05:38:52+00:00","article_modified_time":"2009-07-22T14:56:03+00:00","og_image":[{"url":"http:\/\/upload.wikimedia.org\/wikipedia\/en\/b\/b5\/Rubin2.jpg","type":"","width":"","height":""}],"author":"Moni","twitter_card":"summary_large_image","twitter_creator":"@nahlinse","twitter_site":"@nahlinse","twitter_misc":{"Written by":"Moni","Est. reading time":"1 minute"},"schema":{"@context":"https:\/\/schema.org","@graph":[{"@type":"WebPage","@id":"https:\/\/www.andrae.org\/podcast\/2009\/07\/16\/6-ganz-schon-negativ\/","url":"https:\/\/www.andrae.org\/podcast\/2009\/07\/16\/6-ganz-schon-negativ\/","name":"#6 - Ganz sch\u00f6n negativ - Monis Motivklingel","isPartOf":{"@id":"https:\/\/www.andrae.org\/podcast\/#website"},"primaryImageOfPage":{"@id":"https:\/\/www.andrae.org\/podcast\/2009\/07\/16\/6-ganz-schon-negativ\/#primaryimage"},"image":{"@id":"https:\/\/www.andrae.org\/podcast\/2009\/07\/16\/6-ganz-schon-negativ\/#primaryimage"},"thumbnailUrl":"http:\/\/upload.wikimedia.org\/wikipedia\/en\/b\/b5\/Rubin2.jpg","datePublished":"2009-07-16T05:38:52+00:00","dateModified":"2009-07-22T14:56:03+00:00","author":{"@id":"https:\/\/www.andrae.org\/podcast\/#\/schema\/person\/7f3d1bb5258c637634c17a630fc6e32a"},"breadcrumb":{"@id":"https:\/\/www.andrae.org\/podcast\/2009\/07\/16\/6-ganz-schon-negativ\/#breadcrumb"},"inLanguage":"en-US","potentialAction":[{"@type":"ReadAction","target":["https:\/\/www.andrae.org\/podcast\/2009\/07\/16\/6-ganz-schon-negativ\/"]}]},{"@type":"ImageObject","inLanguage":"en-US","@id":"https:\/\/www.andrae.org\/podcast\/2009\/07\/16\/6-ganz-schon-negativ\/#primaryimage","url":"http:\/\/upload.wikimedia.org\/wikipedia\/en\/b\/b5\/Rubin2.jpg","contentUrl":"http:\/\/upload.wikimedia.org\/wikipedia\/en\/b\/b5\/Rubin2.jpg"},{"@type":"BreadcrumbList","@id":"https:\/\/www.andrae.org\/podcast\/2009\/07\/16\/6-ganz-schon-negativ\/#breadcrumb","itemListElement":[{"@type":"ListItem","position":1,"name":"Home","item":"https:\/\/www.andrae.org\/podcast\/"},{"@type":"ListItem","position":2,"name":"#6 &#8211; Ganz sch\u00f6n negativ"}]},{"@type":"WebSite","@id":"https:\/\/www.andrae.org\/podcast\/#website","url":"https:\/\/www.andrae.org\/podcast\/","name":"Monis Motivklingel","description":"Im Wesentlichen Fotografie","potentialAction":[{"@type":"SearchAction","target":{"@type":"EntryPoint","urlTemplate":"https:\/\/www.andrae.org\/podcast\/?s={search_term_string}"},"query-input":{"@type":"PropertyValueSpecification","valueRequired":true,"valueName":"search_term_string"}}],"inLanguage":"en-US"},{"@type":"Person","@id":"https:\/\/www.andrae.org\/podcast\/#\/schema\/person\/7f3d1bb5258c637634c17a630fc6e32a","name":"Moni","image":{"@type":"ImageObject","inLanguage":"en-US","@id":"https:\/\/www.andrae.org\/podcast\/#\/schema\/person\/image\/","url":"https:\/\/secure.gravatar.com\/avatar\/36e111922c0b8122d3fd7b9202b76c6d?s=96&d=mm&r=g","contentUrl":"https:\/\/secure.gravatar.com\/avatar\/36e111922c0b8122d3fd7b9202b76c6d?s=96&d=mm&r=g","caption":"Moni"},"sameAs":["http:\/\/"],"url":"https:\/\/www.andrae.org\/podcast\/author\/moni\/"}]}},"_links":{"self":[{"href":"https:\/\/www.andrae.org\/podcast\/wp-json\/wp\/v2\/posts\/156","targetHints":{"allow":["GET"]}}],"collection":[{"href":"https:\/\/www.andrae.org\/podcast\/wp-json\/wp\/v2\/posts"}],"about":[{"href":"https:\/\/www.andrae.org\/podcast\/wp-json\/wp\/v2\/types\/post"}],"author":[{"embeddable":true,"href":"https:\/\/www.andrae.org\/podcast\/wp-json\/wp\/v2\/users\/2"}],"replies":[{"embeddable":true,"href":"https:\/\/www.andrae.org\/podcast\/wp-json\/wp\/v2\/comments?post=156"}],"version-history":[{"count":61,"href":"https:\/\/www.andrae.org\/podcast\/wp-json\/wp\/v2\/posts\/156\/revisions"}],"predecessor-version":[{"id":214,"href":"https:\/\/www.andrae.org\/podcast\/wp-json\/wp\/v2\/posts\/156\/revisions\/214"}],"wp:attachment":[{"href":"https:\/\/www.andrae.org\/podcast\/wp-json\/wp\/v2\/media?parent=156"}],"wp:term":[{"taxonomy":"category","embeddable":true,"href":"https:\/\/www.andrae.org\/podcast\/wp-json\/wp\/v2\/categories?post=156"},{"taxonomy":"post_tag","embeddable":true,"href":"https:\/\/www.andrae.org\/podcast\/wp-json\/wp\/v2\/tags?post=156"}],"curies":[{"name":"wp","href":"https:\/\/api.w.org\/{rel}","templated":true}]}}