{"id":1236,"date":"2015-05-10T13:50:03","date_gmt":"2015-05-10T12:50:03","guid":{"rendered":"http:\/\/www.andrae.org\/podcast\/?p=1236"},"modified":"2016-02-10T20:51:38","modified_gmt":"2016-02-10T19:51:38","slug":"61-zornwut","status":"publish","type":"post","link":"https:\/\/www.andrae.org\/podcast\/2015\/05\/10\/61-zornwut\/","title":{"rendered":"#61 &#8211; Zorn, Wut"},"content":{"rendered":"<p>Die vierte Tods\u00fcnde im kirchlichen Kanon ist Ira &#8211; Zorn, Wut. Wikipedia meint zum Zorn (Auszug)<\/p>\n<blockquote><p>Zorn entz\u00fcndet sich [&#8230;]\u00a0unter Umst\u00e4nden [&#8230;]\u00a0\u00a0an einem falsch oder ungerecht empfundenen Verhalten oder Verh\u00e4ltnissen, mit dem Ziel, diese zu ver\u00e4ndern oder gem\u00e4\u00df der eigenen Ansichten oder Bed\u00fcrfnisse zu manipulieren, w\u00e4hrend Wut allgemeiner und dumpfer empfunden wird, unkontrollierter nach allen Seiten explodieren kann.<\/p><\/blockquote>\n<p>Was bedeuten Wut oder Zorn f\u00fcr mich als Fotografen\/Fotografin? Wie kann ich sie\u00a0lenken, ausdr\u00fccken oder damit umgehen? Moni f\u00fchrt eine Diskussion mit ihrem <a href=\"http:\/\/viewfindervilla.de\" target=\"_blank\">Villa<\/a>-Mitbewohner Chris und beide beleuchten\u00a0diese Emotion von verschiedenen Seiten.<\/p>\n<p>&nbsp;<\/p>\n<p><strong>War Photographer:<\/strong><\/p>\n<ul>\n<li><a href=\"http:\/\/de.wikipedia.org\/wiki\/War_Photographer\" target=\"_blank\">War Photographer (James Nachtwey) \u2013 Wikipedia<\/a><\/li>\n<li><a href=\"http:\/\/www.war-photographer.com\/\" target=\"_blank\">War Photographer | war-photographer.com<\/a><\/li>\n<li><a href=\"http:\/\/de.wikipedia.org\/wiki\/James_Nachtwey\" target=\"_blank\">James Nachtwey \u2013 Wikipedia<\/a><\/li>\n<li><a href=\"http:\/\/www.jamesnachtwey.com\/\" target=\"_blank\">James Nachtwey | jamesnachtwey.com<\/a><\/li>\n<\/ul>\n<p><strong>Daniel Kahnemann, Schnelles Denken, langsames Denken (Thinking Fast and Slow )<\/strong><\/p>\n<ul>\n<li><a href=\"http:\/\/de.wikipedia.org\/wiki\/Schnelles_Denken,_langsames_Denken\" target=\"_blank\">Daniel Kahnemann: Schnelles Denken, langsames Denken \u2013 Wikipedia<\/a><\/li>\n<li>Amazon:<a href=\"http:\/\/www.amazon.de\/Schnelles-Denken-langsames-Daniel-Kahneman\/dp\/3570552152\/ref=sr_1_1?ie=UTF8&amp;qid=1431258270&amp;sr=8-1&amp;keywords=schnelles+denken+langsames+denken\" target=\"_blank\"> Schnelles Denken, langsames Denken<\/a><\/li>\n<\/ul>\n<p><strong>Edward Adelsons Checker Shadow Illusion<\/strong><\/p>\n<ul>\n<li><a href=\"http:\/\/en.wikipedia.org\/wiki\/Checker_shadow_illusion\" target=\"_blank\">Edward H. Adelson &#8211; Checker shadow illusion &#8211; Wikipedia<\/a><\/li>\n<li><a href=\"http:\/\/www.mantlelabs.com\/illusion\/\" target=\"_blank\">The Interactive Checkershadow Illusion<\/a><\/li>\n<\/ul>\n<div style=\"width: 510px\" class=\"wp-caption alignnone\"><img loading=\"lazy\" decoding=\"async\" class=\"\" src=\"https:\/\/upload.wikimedia.org\/wikipedia\/commons\/3\/34\/Checkershadow_full_adelson.jpg\" alt=\"\" width=\"500\" height=\"464\" \/><p class=\"wp-caption-text\">von Edward H. Adelson (Eigenes Werk) [CC BY 3.0 (http:\/\/creativecommons.org\/licenses\/by\/3.0)], via Wikimedia Commons<\/p><\/div>\n<p><strong>Chris<\/strong><\/p>\n<ul>\n<li><a href=\"http:\/\/www.tipsfromthetopfloor.com\/\" target=\"_blank\">Photography Tips from the Top Floor &#8211; TFTTF &#8211; the free show about all things photography with Chris Marquardt<\/a><\/li>\n<li><a href=\"http:\/\/chrismarquardt.com\/\" target=\"_blank\">Chris Marquardt &#8211; Fotografie, Videografie<\/a><\/li>\n<li><a href=\"http:\/\/www.happyshooting.de\/podcast\/\" target=\"_blank\">Happy Shooting \u2013 Der Foto-Podcast | .. Technik und Kreatives mit Boris und Chris<\/a><\/li>\n<\/ul>\n<p><a href=\"http:\/\/www.podtrac.com\/pts\/redirect.mp3\/media.monismotivklingel.de\/mmk061_zornwut.mp3\">Episode herunterladen<\/a><\/p>\n","protected":false},"excerpt":{"rendered":"<p>Die vierte Tods\u00fcnde im kirchlichen Kanon ist Ira &#8211; Zorn, Wut. Wikipedia meint zum Zorn (Auszug)<\/p>\n<p>Zorn entz\u00fcndet sich [&#8230;] unter Umst\u00e4nden [&#8230;]  an einem falsch oder ungerecht empfundenen Verhalten oder Verh\u00e4ltnissen, mit dem Ziel, diese zu ver\u00e4ndern oder gem\u00e4\u00df der eigenen Ansichten oder Bed\u00fcrfnisse zu manipulieren, w\u00e4hrend Wut allgemeiner und dumpfer empfunden wird, unkontrollierter nach allen Seiten explodieren kann.<\/p>\n<p>Was bedeuten Wut oder Zorn f\u00fcr mich als Fotografen\/Fotografin? Wie kann ich sie lenken, ausdr\u00fccken oder damit umgehen? Moni f\u00fchrt eine Diskussion mit ihrem Villa-Mitbewohner Chris und beide beleuchten diese Emotion von verschiedenen Seiten.<a class=\"read-more \" href=\"https:\/\/www.andrae.org\/podcast\/2015\/05\/10\/61-zornwut\/\" title=\"Read More\"> <span class=\"button default\">Read More<\/span><\/a><\/p>\n","protected":false},"author":2,"featured_media":1283,"comment_status":"open","ping_status":"open","sticky":false,"template":"","format":"standard","meta":{"ngg_post_thumbnail":0,"footnotes":""},"categories":[1],"tags":[218,265,266,264,243,249,263,262],"class_list":["post-1236","post","type-post","status-publish","format-standard","has-post-thumbnail","hentry","category-motivklingel","tag-emotion","tag-gefuhle","tag-illusion","tag-reportage","tag-sunde","tag-todsunde","tag-wut","tag-zorn"],"yoast_head":"<!-- This site is optimized with the Yoast SEO plugin v24.1 - https:\/\/yoast.com\/wordpress\/plugins\/seo\/ -->\n<title>#61 - Zorn, Wut - Monis Motivklingel<\/title>\n<meta name=\"description\" content=\"Was bedeuten Wut oder Zorn f\u00fcr mich als Fotografen\/Fotografin? Wie kann ich sie lenken, ausdr\u00fccken oder damit umgehen?\" \/>\n<meta name=\"robots\" content=\"index, follow, max-snippet:-1, max-image-preview:large, max-video-preview:-1\" \/>\n<link rel=\"canonical\" href=\"https:\/\/www.andrae.org\/podcast\/2015\/05\/10\/61-zornwut\/\" \/>\n<meta property=\"og:locale\" content=\"en_US\" \/>\n<meta property=\"og:type\" content=\"article\" \/>\n<meta property=\"og:title\" content=\"#61 - Zorn, Wut - Monis Motivklingel\" \/>\n<meta property=\"og:description\" content=\"Was bedeuten Wut oder Zorn f\u00fcr mich als Fotografen\/Fotografin? Wie kann ich sie lenken, ausdr\u00fccken oder damit umgehen?\" \/>\n<meta property=\"og:url\" content=\"https:\/\/www.andrae.org\/podcast\/2015\/05\/10\/61-zornwut\/\" \/>\n<meta property=\"og:site_name\" content=\"Monis Motivklingel\" \/>\n<meta property=\"article:published_time\" content=\"2015-05-10T12:50:03+00:00\" \/>\n<meta property=\"article:modified_time\" content=\"2016-02-10T19:51:38+00:00\" \/>\n<meta property=\"og:image\" content=\"https:\/\/www.andrae.org\/podcast\/wp-content\/uploads\/2015\/05\/faust_episodenbild.png\" \/>\n\t<meta property=\"og:image:width\" content=\"991\" \/>\n\t<meta property=\"og:image:height\" content=\"452\" \/>\n\t<meta property=\"og:image:type\" content=\"image\/png\" \/>\n<meta name=\"author\" content=\"Moni\" \/>\n<meta name=\"twitter:card\" content=\"summary_large_image\" \/>\n<meta name=\"twitter:creator\" content=\"@nahlinse\" \/>\n<meta name=\"twitter:site\" content=\"@nahlinse\" \/>\n<meta name=\"twitter:label1\" content=\"Written by\" \/>\n\t<meta name=\"twitter:data1\" content=\"Moni\" \/>\n\t<meta name=\"twitter:label2\" content=\"Est. reading time\" \/>\n\t<meta name=\"twitter:data2\" content=\"1 minute\" \/>\n<script type=\"application\/ld+json\" class=\"yoast-schema-graph\">{\"@context\":\"https:\/\/schema.org\",\"@graph\":[{\"@type\":\"WebPage\",\"@id\":\"https:\/\/www.andrae.org\/podcast\/2015\/05\/10\/61-zornwut\/\",\"url\":\"https:\/\/www.andrae.org\/podcast\/2015\/05\/10\/61-zornwut\/\",\"name\":\"#61 - Zorn, Wut - Monis Motivklingel\",\"isPartOf\":{\"@id\":\"https:\/\/www.andrae.org\/podcast\/#website\"},\"primaryImageOfPage\":{\"@id\":\"https:\/\/www.andrae.org\/podcast\/2015\/05\/10\/61-zornwut\/#primaryimage\"},\"image\":{\"@id\":\"https:\/\/www.andrae.org\/podcast\/2015\/05\/10\/61-zornwut\/#primaryimage\"},\"thumbnailUrl\":\"https:\/\/www.andrae.org\/podcast\/wp-content\/uploads\/2015\/05\/faust_episodenbild.png\",\"datePublished\":\"2015-05-10T12:50:03+00:00\",\"dateModified\":\"2016-02-10T19:51:38+00:00\",\"author\":{\"@id\":\"https:\/\/www.andrae.org\/podcast\/#\/schema\/person\/7f3d1bb5258c637634c17a630fc6e32a\"},\"description\":\"Was bedeuten Wut oder Zorn f\u00fcr mich als Fotografen\/Fotografin? Wie kann ich sie lenken, ausdr\u00fccken oder damit umgehen?\",\"breadcrumb\":{\"@id\":\"https:\/\/www.andrae.org\/podcast\/2015\/05\/10\/61-zornwut\/#breadcrumb\"},\"inLanguage\":\"en-US\",\"potentialAction\":[{\"@type\":\"ReadAction\",\"target\":[\"https:\/\/www.andrae.org\/podcast\/2015\/05\/10\/61-zornwut\/\"]}]},{\"@type\":\"ImageObject\",\"inLanguage\":\"en-US\",\"@id\":\"https:\/\/www.andrae.org\/podcast\/2015\/05\/10\/61-zornwut\/#primaryimage\",\"url\":\"https:\/\/www.andrae.org\/podcast\/wp-content\/uploads\/2015\/05\/faust_episodenbild.png\",\"contentUrl\":\"https:\/\/www.andrae.org\/podcast\/wp-content\/uploads\/2015\/05\/faust_episodenbild.png\",\"width\":991,\"height\":452,\"caption\":\"Episodenbild\"},{\"@type\":\"BreadcrumbList\",\"@id\":\"https:\/\/www.andrae.org\/podcast\/2015\/05\/10\/61-zornwut\/#breadcrumb\",\"itemListElement\":[{\"@type\":\"ListItem\",\"position\":1,\"name\":\"Home\",\"item\":\"https:\/\/www.andrae.org\/podcast\/\"},{\"@type\":\"ListItem\",\"position\":2,\"name\":\"#61 &#8211; Zorn, Wut\"}]},{\"@type\":\"WebSite\",\"@id\":\"https:\/\/www.andrae.org\/podcast\/#website\",\"url\":\"https:\/\/www.andrae.org\/podcast\/\",\"name\":\"Monis Motivklingel\",\"description\":\"Im Wesentlichen Fotografie\",\"potentialAction\":[{\"@type\":\"SearchAction\",\"target\":{\"@type\":\"EntryPoint\",\"urlTemplate\":\"https:\/\/www.andrae.org\/podcast\/?s={search_term_string}\"},\"query-input\":{\"@type\":\"PropertyValueSpecification\",\"valueRequired\":true,\"valueName\":\"search_term_string\"}}],\"inLanguage\":\"en-US\"},{\"@type\":\"Person\",\"@id\":\"https:\/\/www.andrae.org\/podcast\/#\/schema\/person\/7f3d1bb5258c637634c17a630fc6e32a\",\"name\":\"Moni\",\"image\":{\"@type\":\"ImageObject\",\"inLanguage\":\"en-US\",\"@id\":\"https:\/\/www.andrae.org\/podcast\/#\/schema\/person\/image\/\",\"url\":\"https:\/\/secure.gravatar.com\/avatar\/36e111922c0b8122d3fd7b9202b76c6d?s=96&d=mm&r=g\",\"contentUrl\":\"https:\/\/secure.gravatar.com\/avatar\/36e111922c0b8122d3fd7b9202b76c6d?s=96&d=mm&r=g\",\"caption\":\"Moni\"},\"sameAs\":[\"http:\/\/\"],\"url\":\"https:\/\/www.andrae.org\/podcast\/author\/moni\/\"}]}<\/script>\n<!-- \/ Yoast SEO plugin. -->","yoast_head_json":{"title":"#61 - Zorn, Wut - Monis Motivklingel","description":"Was bedeuten Wut oder Zorn f\u00fcr mich als Fotografen\/Fotografin? Wie kann ich sie lenken, ausdr\u00fccken oder damit umgehen?","robots":{"index":"index","follow":"follow","max-snippet":"max-snippet:-1","max-image-preview":"max-image-preview:large","max-video-preview":"max-video-preview:-1"},"canonical":"https:\/\/www.andrae.org\/podcast\/2015\/05\/10\/61-zornwut\/","og_locale":"en_US","og_type":"article","og_title":"#61 - Zorn, Wut - Monis Motivklingel","og_description":"Was bedeuten Wut oder Zorn f\u00fcr mich als Fotografen\/Fotografin? Wie kann ich sie lenken, ausdr\u00fccken oder damit umgehen?","og_url":"https:\/\/www.andrae.org\/podcast\/2015\/05\/10\/61-zornwut\/","og_site_name":"Monis Motivklingel","article_published_time":"2015-05-10T12:50:03+00:00","article_modified_time":"2016-02-10T19:51:38+00:00","og_image":[{"width":991,"height":452,"url":"https:\/\/www.andrae.org\/podcast\/wp-content\/uploads\/2015\/05\/faust_episodenbild.png","type":"image\/png"}],"author":"Moni","twitter_card":"summary_large_image","twitter_creator":"@nahlinse","twitter_site":"@nahlinse","twitter_misc":{"Written by":"Moni","Est. reading time":"1 minute"},"schema":{"@context":"https:\/\/schema.org","@graph":[{"@type":"WebPage","@id":"https:\/\/www.andrae.org\/podcast\/2015\/05\/10\/61-zornwut\/","url":"https:\/\/www.andrae.org\/podcast\/2015\/05\/10\/61-zornwut\/","name":"#61 - Zorn, Wut - Monis Motivklingel","isPartOf":{"@id":"https:\/\/www.andrae.org\/podcast\/#website"},"primaryImageOfPage":{"@id":"https:\/\/www.andrae.org\/podcast\/2015\/05\/10\/61-zornwut\/#primaryimage"},"image":{"@id":"https:\/\/www.andrae.org\/podcast\/2015\/05\/10\/61-zornwut\/#primaryimage"},"thumbnailUrl":"https:\/\/www.andrae.org\/podcast\/wp-content\/uploads\/2015\/05\/faust_episodenbild.png","datePublished":"2015-05-10T12:50:03+00:00","dateModified":"2016-02-10T19:51:38+00:00","author":{"@id":"https:\/\/www.andrae.org\/podcast\/#\/schema\/person\/7f3d1bb5258c637634c17a630fc6e32a"},"description":"Was bedeuten Wut oder Zorn f\u00fcr mich als Fotografen\/Fotografin? Wie kann ich sie lenken, ausdr\u00fccken oder damit umgehen?","breadcrumb":{"@id":"https:\/\/www.andrae.org\/podcast\/2015\/05\/10\/61-zornwut\/#breadcrumb"},"inLanguage":"en-US","potentialAction":[{"@type":"ReadAction","target":["https:\/\/www.andrae.org\/podcast\/2015\/05\/10\/61-zornwut\/"]}]},{"@type":"ImageObject","inLanguage":"en-US","@id":"https:\/\/www.andrae.org\/podcast\/2015\/05\/10\/61-zornwut\/#primaryimage","url":"https:\/\/www.andrae.org\/podcast\/wp-content\/uploads\/2015\/05\/faust_episodenbild.png","contentUrl":"https:\/\/www.andrae.org\/podcast\/wp-content\/uploads\/2015\/05\/faust_episodenbild.png","width":991,"height":452,"caption":"Episodenbild"},{"@type":"BreadcrumbList","@id":"https:\/\/www.andrae.org\/podcast\/2015\/05\/10\/61-zornwut\/#breadcrumb","itemListElement":[{"@type":"ListItem","position":1,"name":"Home","item":"https:\/\/www.andrae.org\/podcast\/"},{"@type":"ListItem","position":2,"name":"#61 &#8211; Zorn, Wut"}]},{"@type":"WebSite","@id":"https:\/\/www.andrae.org\/podcast\/#website","url":"https:\/\/www.andrae.org\/podcast\/","name":"Monis Motivklingel","description":"Im Wesentlichen Fotografie","potentialAction":[{"@type":"SearchAction","target":{"@type":"EntryPoint","urlTemplate":"https:\/\/www.andrae.org\/podcast\/?s={search_term_string}"},"query-input":{"@type":"PropertyValueSpecification","valueRequired":true,"valueName":"search_term_string"}}],"inLanguage":"en-US"},{"@type":"Person","@id":"https:\/\/www.andrae.org\/podcast\/#\/schema\/person\/7f3d1bb5258c637634c17a630fc6e32a","name":"Moni","image":{"@type":"ImageObject","inLanguage":"en-US","@id":"https:\/\/www.andrae.org\/podcast\/#\/schema\/person\/image\/","url":"https:\/\/secure.gravatar.com\/avatar\/36e111922c0b8122d3fd7b9202b76c6d?s=96&d=mm&r=g","contentUrl":"https:\/\/secure.gravatar.com\/avatar\/36e111922c0b8122d3fd7b9202b76c6d?s=96&d=mm&r=g","caption":"Moni"},"sameAs":["http:\/\/"],"url":"https:\/\/www.andrae.org\/podcast\/author\/moni\/"}]}},"_links":{"self":[{"href":"https:\/\/www.andrae.org\/podcast\/wp-json\/wp\/v2\/posts\/1236","targetHints":{"allow":["GET"]}}],"collection":[{"href":"https:\/\/www.andrae.org\/podcast\/wp-json\/wp\/v2\/posts"}],"about":[{"href":"https:\/\/www.andrae.org\/podcast\/wp-json\/wp\/v2\/types\/post"}],"author":[{"embeddable":true,"href":"https:\/\/www.andrae.org\/podcast\/wp-json\/wp\/v2\/users\/2"}],"replies":[{"embeddable":true,"href":"https:\/\/www.andrae.org\/podcast\/wp-json\/wp\/v2\/comments?post=1236"}],"version-history":[{"count":12,"href":"https:\/\/www.andrae.org\/podcast\/wp-json\/wp\/v2\/posts\/1236\/revisions"}],"predecessor-version":[{"id":1284,"href":"https:\/\/www.andrae.org\/podcast\/wp-json\/wp\/v2\/posts\/1236\/revisions\/1284"}],"wp:featuredmedia":[{"embeddable":true,"href":"https:\/\/www.andrae.org\/podcast\/wp-json\/wp\/v2\/media\/1283"}],"wp:attachment":[{"href":"https:\/\/www.andrae.org\/podcast\/wp-json\/wp\/v2\/media?parent=1236"}],"wp:term":[{"taxonomy":"category","embeddable":true,"href":"https:\/\/www.andrae.org\/podcast\/wp-json\/wp\/v2\/categories?post=1236"},{"taxonomy":"post_tag","embeddable":true,"href":"https:\/\/www.andrae.org\/podcast\/wp-json\/wp\/v2\/tags?post=1236"}],"curies":[{"name":"wp","href":"https:\/\/api.w.org\/{rel}","templated":true}]}}