{"id":1217,"date":"2014-12-26T15:53:49","date_gmt":"2014-12-26T14:53:49","guid":{"rendered":"http:\/\/www.andrae.org\/podcast\/?p=1217"},"modified":"2016-04-23T15:02:17","modified_gmt":"2016-04-23T14:02:17","slug":"60-traumhaft","status":"publish","type":"post","link":"https:\/\/www.andrae.org\/podcast\/2014\/12\/26\/60-traumhaft\/","title":{"rendered":"#60 &#8211; Traumhaft"},"content":{"rendered":"<p>Weil Weihnachten ist, nehme ich heute eine Auszeit von s\u00fcndigen Themen und widme mich einem H\u00f6rerwunsch der in einer der letzten Happy-Shooting-Folgen ge\u00e4u\u00dfert wurde: &#8220;Stellt doch mal einen Fotografen\/eine Fotografin vor&#8221;.<\/p>\n<p>Boris und Chris sind diesem Wunsch bisher nicht nachgekommen, daf\u00fcr nehme ich den &#8220;Staffelstab&#8221; auf und mache Euch mal mit einer Fotografin bekannt, deren Bilder mich faszinieren, seit\u00a0ich des erste Mal \u00fcber sie gestolpert\u00a0bin.<\/p>\n<p>Es geht in der heutigen Folge um Susan Burnstine, die eine ganz eigene Motiv-Wahl und eine noch speziellere Umsetzung ihrer Ideen pflegt.<\/p>\n<p><strong>Links zur Sendung:<\/strong><\/p>\n<ul>\n<li><a href=\"http:\/\/www.susanburnstine.com\/index.htm\" target=\"_blank\">SusanBurnstine.com<\/a><\/li>\n<li><a href=\"http:\/\/www.thoughtsonphotography.com\/\" target=\"_blank\">Thoughts on photography<\/a>, von Paul Giguere<\/li>\n<li>MMK,\u00a0<a title=\"#43 \u2013 Abrechnung mit Bruchrechnung\" href=\"http:\/\/www.andrae.org\/podcast\/2011\/10\/03\/43-abrechnung-mit-bruchrechnung\/\" target=\"_blank\">#43 &#8211; Abrechnung mit Bruchrechnung<\/a><\/li>\n<li><a href=\"http:\/\/www.br.de\/radio\/bayern2\/wissen\/radiowissen\/goldener-schnitt-natur-100.html%20\" target=\"_blank\">BR2 Radiowissen: Der Goldene Schnitt.\u00a0Geheimnisvolle Ordnung der Natur<\/a><\/li>\n<\/ul>\n<p><a href=\"http:\/\/www.podtrac.com\/pts\/redirect.mp3\/media.monismotivklingel.de\/mmk060_traumhaft.mp3\">Episode herunterladen<\/a><\/p>\n","protected":false},"excerpt":{"rendered":"<p>Weil Weihnachten ist, nehme ich heute eine Auszeit von s\u00fcndigen Themen und widme mich einem H\u00f6rerwunsch der in einer der letzten Happy-Shooting-Folgen ge\u00e4u\u00dfert wurde: &#8220;Stellt doch mal einen Fotografen\/eine Fotografin vor&#8221;.<\/p>\n<p>Boris und Chris sind diesem Wunsch bisher nicht nachgekommen, daf\u00fcr nehme ich den &#8220;Staffelstab&#8221; auf und mache Euch mal mit einer Fotografin bekannt, deren Bilder mich faszinieren, seit ich des erste Mal \u00fcber sie gestolpert bin.<a class=\"read-more \" href=\"https:\/\/www.andrae.org\/podcast\/2014\/12\/26\/60-traumhaft\/\" title=\"Read More\"> <span class=\"button default\">Read More<\/span><\/a><\/p>\n","protected":false},"author":2,"featured_media":1342,"comment_status":"open","ping_status":"open","sticky":false,"template":"","format":"standard","meta":{"ngg_post_thumbnail":0,"footnotes":""},"categories":[1],"tags":[117,259,258,257,255,260,261,21,256],"class_list":["post-1217","post","type-post","status-publish","format-standard","has-post-thumbnail","hentry","category-motivklingel","tag-analog","tag-fotografin","tag-goldener-schnitt","tag-hortipp","tag-kunstler","tag-traum","tag-traume","tag-unscharf","tag-vorstellung"],"yoast_head":"<!-- This site is optimized with the Yoast SEO plugin v24.1 - https:\/\/yoast.com\/wordpress\/plugins\/seo\/ -->\n<title>#60 - Traumhaft - Monis Motivklingel<\/title>\n<meta name=\"robots\" content=\"index, follow, max-snippet:-1, max-image-preview:large, max-video-preview:-1\" \/>\n<link rel=\"canonical\" href=\"https:\/\/www.andrae.org\/podcast\/2014\/12\/26\/60-traumhaft\/\" \/>\n<meta property=\"og:locale\" content=\"en_US\" \/>\n<meta property=\"og:type\" content=\"article\" \/>\n<meta property=\"og:title\" content=\"#60 - Traumhaft - Monis Motivklingel\" \/>\n<meta property=\"og:description\" content=\"Weil Weihnachten ist, nehme ich heute eine Auszeit von s\u00fcndigen Themen und widme mich einem H\u00f6rerwunsch der in einer der letzten Happy-Shooting-Folgen ge\u00e4u\u00dfert wurde: &quot;Stellt doch mal einen Fotografen\/eine Fotografin vor&quot;.  Boris und Chris sind diesem Wunsch bisher nicht nachgekommen, daf\u00fcr nehme ich den &quot;Staffelstab&quot; auf und mache Euch mal mit einer Fotografin bekannt, deren Bilder mich faszinieren, seit ich des erste Mal \u00fcber sie gestolpert bin. Read More\" \/>\n<meta property=\"og:url\" content=\"https:\/\/www.andrae.org\/podcast\/2014\/12\/26\/60-traumhaft\/\" \/>\n<meta property=\"og:site_name\" content=\"Monis Motivklingel\" \/>\n<meta property=\"article:published_time\" content=\"2014-12-26T14:53:49+00:00\" \/>\n<meta property=\"article:modified_time\" content=\"2016-04-23T14:02:17+00:00\" \/>\n<meta property=\"og:image\" content=\"https:\/\/www.andrae.org\/podcast\/wp-content\/uploads\/2014\/12\/traumhaft.png\" \/>\n\t<meta property=\"og:image:width\" content=\"998\" \/>\n\t<meta property=\"og:image:height\" content=\"455\" \/>\n\t<meta property=\"og:image:type\" content=\"image\/png\" \/>\n<meta name=\"author\" content=\"Moni\" \/>\n<meta name=\"twitter:card\" content=\"summary_large_image\" \/>\n<meta name=\"twitter:creator\" content=\"@nahlinse\" \/>\n<meta name=\"twitter:site\" content=\"@nahlinse\" \/>\n<meta name=\"twitter:label1\" content=\"Written by\" \/>\n\t<meta name=\"twitter:data1\" content=\"Moni\" \/>\n\t<meta name=\"twitter:label2\" content=\"Est. reading time\" \/>\n\t<meta name=\"twitter:data2\" content=\"1 minute\" \/>\n<script type=\"application\/ld+json\" class=\"yoast-schema-graph\">{\"@context\":\"https:\/\/schema.org\",\"@graph\":[{\"@type\":\"WebPage\",\"@id\":\"https:\/\/www.andrae.org\/podcast\/2014\/12\/26\/60-traumhaft\/\",\"url\":\"https:\/\/www.andrae.org\/podcast\/2014\/12\/26\/60-traumhaft\/\",\"name\":\"#60 - Traumhaft - Monis Motivklingel\",\"isPartOf\":{\"@id\":\"https:\/\/www.andrae.org\/podcast\/#website\"},\"primaryImageOfPage\":{\"@id\":\"https:\/\/www.andrae.org\/podcast\/2014\/12\/26\/60-traumhaft\/#primaryimage\"},\"image\":{\"@id\":\"https:\/\/www.andrae.org\/podcast\/2014\/12\/26\/60-traumhaft\/#primaryimage\"},\"thumbnailUrl\":\"https:\/\/www.andrae.org\/podcast\/wp-content\/uploads\/2014\/12\/traumhaft.png\",\"datePublished\":\"2014-12-26T14:53:49+00:00\",\"dateModified\":\"2016-04-23T14:02:17+00:00\",\"author\":{\"@id\":\"https:\/\/www.andrae.org\/podcast\/#\/schema\/person\/7f3d1bb5258c637634c17a630fc6e32a\"},\"breadcrumb\":{\"@id\":\"https:\/\/www.andrae.org\/podcast\/2014\/12\/26\/60-traumhaft\/#breadcrumb\"},\"inLanguage\":\"en-US\",\"potentialAction\":[{\"@type\":\"ReadAction\",\"target\":[\"https:\/\/www.andrae.org\/podcast\/2014\/12\/26\/60-traumhaft\/\"]}]},{\"@type\":\"ImageObject\",\"inLanguage\":\"en-US\",\"@id\":\"https:\/\/www.andrae.org\/podcast\/2014\/12\/26\/60-traumhaft\/#primaryimage\",\"url\":\"https:\/\/www.andrae.org\/podcast\/wp-content\/uploads\/2014\/12\/traumhaft.png\",\"contentUrl\":\"https:\/\/www.andrae.org\/podcast\/wp-content\/uploads\/2014\/12\/traumhaft.png\",\"width\":998,\"height\":455},{\"@type\":\"BreadcrumbList\",\"@id\":\"https:\/\/www.andrae.org\/podcast\/2014\/12\/26\/60-traumhaft\/#breadcrumb\",\"itemListElement\":[{\"@type\":\"ListItem\",\"position\":1,\"name\":\"Home\",\"item\":\"https:\/\/www.andrae.org\/podcast\/\"},{\"@type\":\"ListItem\",\"position\":2,\"name\":\"#60 &#8211; Traumhaft\"}]},{\"@type\":\"WebSite\",\"@id\":\"https:\/\/www.andrae.org\/podcast\/#website\",\"url\":\"https:\/\/www.andrae.org\/podcast\/\",\"name\":\"Monis Motivklingel\",\"description\":\"Im Wesentlichen Fotografie\",\"potentialAction\":[{\"@type\":\"SearchAction\",\"target\":{\"@type\":\"EntryPoint\",\"urlTemplate\":\"https:\/\/www.andrae.org\/podcast\/?s={search_term_string}\"},\"query-input\":{\"@type\":\"PropertyValueSpecification\",\"valueRequired\":true,\"valueName\":\"search_term_string\"}}],\"inLanguage\":\"en-US\"},{\"@type\":\"Person\",\"@id\":\"https:\/\/www.andrae.org\/podcast\/#\/schema\/person\/7f3d1bb5258c637634c17a630fc6e32a\",\"name\":\"Moni\",\"image\":{\"@type\":\"ImageObject\",\"inLanguage\":\"en-US\",\"@id\":\"https:\/\/www.andrae.org\/podcast\/#\/schema\/person\/image\/\",\"url\":\"https:\/\/secure.gravatar.com\/avatar\/36e111922c0b8122d3fd7b9202b76c6d?s=96&d=mm&r=g\",\"contentUrl\":\"https:\/\/secure.gravatar.com\/avatar\/36e111922c0b8122d3fd7b9202b76c6d?s=96&d=mm&r=g\",\"caption\":\"Moni\"},\"sameAs\":[\"http:\/\/\"],\"url\":\"https:\/\/www.andrae.org\/podcast\/author\/moni\/\"}]}<\/script>\n<!-- \/ Yoast SEO plugin. -->","yoast_head_json":{"title":"#60 - Traumhaft - Monis Motivklingel","robots":{"index":"index","follow":"follow","max-snippet":"max-snippet:-1","max-image-preview":"max-image-preview:large","max-video-preview":"max-video-preview:-1"},"canonical":"https:\/\/www.andrae.org\/podcast\/2014\/12\/26\/60-traumhaft\/","og_locale":"en_US","og_type":"article","og_title":"#60 - Traumhaft - Monis Motivklingel","og_description":"Weil Weihnachten ist, nehme ich heute eine Auszeit von s\u00fcndigen Themen und widme mich einem H\u00f6rerwunsch der in einer der letzten Happy-Shooting-Folgen ge\u00e4u\u00dfert wurde: \"Stellt doch mal einen Fotografen\/eine Fotografin vor\".  Boris und Chris sind diesem Wunsch bisher nicht nachgekommen, daf\u00fcr nehme ich den \"Staffelstab\" auf und mache Euch mal mit einer Fotografin bekannt, deren Bilder mich faszinieren, seit ich des erste Mal \u00fcber sie gestolpert bin. Read More","og_url":"https:\/\/www.andrae.org\/podcast\/2014\/12\/26\/60-traumhaft\/","og_site_name":"Monis Motivklingel","article_published_time":"2014-12-26T14:53:49+00:00","article_modified_time":"2016-04-23T14:02:17+00:00","og_image":[{"width":998,"height":455,"url":"https:\/\/www.andrae.org\/podcast\/wp-content\/uploads\/2014\/12\/traumhaft.png","type":"image\/png"}],"author":"Moni","twitter_card":"summary_large_image","twitter_creator":"@nahlinse","twitter_site":"@nahlinse","twitter_misc":{"Written by":"Moni","Est. reading time":"1 minute"},"schema":{"@context":"https:\/\/schema.org","@graph":[{"@type":"WebPage","@id":"https:\/\/www.andrae.org\/podcast\/2014\/12\/26\/60-traumhaft\/","url":"https:\/\/www.andrae.org\/podcast\/2014\/12\/26\/60-traumhaft\/","name":"#60 - Traumhaft - Monis Motivklingel","isPartOf":{"@id":"https:\/\/www.andrae.org\/podcast\/#website"},"primaryImageOfPage":{"@id":"https:\/\/www.andrae.org\/podcast\/2014\/12\/26\/60-traumhaft\/#primaryimage"},"image":{"@id":"https:\/\/www.andrae.org\/podcast\/2014\/12\/26\/60-traumhaft\/#primaryimage"},"thumbnailUrl":"https:\/\/www.andrae.org\/podcast\/wp-content\/uploads\/2014\/12\/traumhaft.png","datePublished":"2014-12-26T14:53:49+00:00","dateModified":"2016-04-23T14:02:17+00:00","author":{"@id":"https:\/\/www.andrae.org\/podcast\/#\/schema\/person\/7f3d1bb5258c637634c17a630fc6e32a"},"breadcrumb":{"@id":"https:\/\/www.andrae.org\/podcast\/2014\/12\/26\/60-traumhaft\/#breadcrumb"},"inLanguage":"en-US","potentialAction":[{"@type":"ReadAction","target":["https:\/\/www.andrae.org\/podcast\/2014\/12\/26\/60-traumhaft\/"]}]},{"@type":"ImageObject","inLanguage":"en-US","@id":"https:\/\/www.andrae.org\/podcast\/2014\/12\/26\/60-traumhaft\/#primaryimage","url":"https:\/\/www.andrae.org\/podcast\/wp-content\/uploads\/2014\/12\/traumhaft.png","contentUrl":"https:\/\/www.andrae.org\/podcast\/wp-content\/uploads\/2014\/12\/traumhaft.png","width":998,"height":455},{"@type":"BreadcrumbList","@id":"https:\/\/www.andrae.org\/podcast\/2014\/12\/26\/60-traumhaft\/#breadcrumb","itemListElement":[{"@type":"ListItem","position":1,"name":"Home","item":"https:\/\/www.andrae.org\/podcast\/"},{"@type":"ListItem","position":2,"name":"#60 &#8211; Traumhaft"}]},{"@type":"WebSite","@id":"https:\/\/www.andrae.org\/podcast\/#website","url":"https:\/\/www.andrae.org\/podcast\/","name":"Monis Motivklingel","description":"Im Wesentlichen Fotografie","potentialAction":[{"@type":"SearchAction","target":{"@type":"EntryPoint","urlTemplate":"https:\/\/www.andrae.org\/podcast\/?s={search_term_string}"},"query-input":{"@type":"PropertyValueSpecification","valueRequired":true,"valueName":"search_term_string"}}],"inLanguage":"en-US"},{"@type":"Person","@id":"https:\/\/www.andrae.org\/podcast\/#\/schema\/person\/7f3d1bb5258c637634c17a630fc6e32a","name":"Moni","image":{"@type":"ImageObject","inLanguage":"en-US","@id":"https:\/\/www.andrae.org\/podcast\/#\/schema\/person\/image\/","url":"https:\/\/secure.gravatar.com\/avatar\/36e111922c0b8122d3fd7b9202b76c6d?s=96&d=mm&r=g","contentUrl":"https:\/\/secure.gravatar.com\/avatar\/36e111922c0b8122d3fd7b9202b76c6d?s=96&d=mm&r=g","caption":"Moni"},"sameAs":["http:\/\/"],"url":"https:\/\/www.andrae.org\/podcast\/author\/moni\/"}]}},"_links":{"self":[{"href":"https:\/\/www.andrae.org\/podcast\/wp-json\/wp\/v2\/posts\/1217","targetHints":{"allow":["GET"]}}],"collection":[{"href":"https:\/\/www.andrae.org\/podcast\/wp-json\/wp\/v2\/posts"}],"about":[{"href":"https:\/\/www.andrae.org\/podcast\/wp-json\/wp\/v2\/types\/post"}],"author":[{"embeddable":true,"href":"https:\/\/www.andrae.org\/podcast\/wp-json\/wp\/v2\/users\/2"}],"replies":[{"embeddable":true,"href":"https:\/\/www.andrae.org\/podcast\/wp-json\/wp\/v2\/comments?post=1217"}],"version-history":[{"count":7,"href":"https:\/\/www.andrae.org\/podcast\/wp-json\/wp\/v2\/posts\/1217\/revisions"}],"predecessor-version":[{"id":1227,"href":"https:\/\/www.andrae.org\/podcast\/wp-json\/wp\/v2\/posts\/1217\/revisions\/1227"}],"wp:featuredmedia":[{"embeddable":true,"href":"https:\/\/www.andrae.org\/podcast\/wp-json\/wp\/v2\/media\/1342"}],"wp:attachment":[{"href":"https:\/\/www.andrae.org\/podcast\/wp-json\/wp\/v2\/media?parent=1217"}],"wp:term":[{"taxonomy":"category","embeddable":true,"href":"https:\/\/www.andrae.org\/podcast\/wp-json\/wp\/v2\/categories?post=1217"},{"taxonomy":"post_tag","embeddable":true,"href":"https:\/\/www.andrae.org\/podcast\/wp-json\/wp\/v2\/tags?post=1217"}],"curies":[{"name":"wp","href":"https:\/\/api.w.org\/{rel}","templated":true}]}}