{"id":1211,"date":"2014-11-02T16:41:24","date_gmt":"2014-11-02T15:41:24","guid":{"rendered":"http:\/\/www.andrae.org\/podcast\/?p=1211"},"modified":"2016-02-10T20:51:55","modified_gmt":"2016-02-10T19:51:55","slug":"59-vollerei","status":"publish","type":"post","link":"https:\/\/www.andrae.org\/podcast\/2014\/11\/02\/59-vollerei\/","title":{"rendered":"#59 &#8211; V\u00f6llerei"},"content":{"rendered":"<p>L\u00e4ssliche, mittelschwere oder himmelschreiende S\u00fcnden. Tods\u00fcnden.<br \/>\nIn dieser Folge geht es um die V\u00f6llerei in der Fotografie &#8211; wo tritt sie auf und was kann ich tun, um ihr nicht anheim zu fallen.<\/p>\n<p>Man merkt, dass ich umziehe &#8211; das Aufr\u00e4umen, Fokussieren und Weglassen, findet sogar Eingang in Motivklingelfolgen. \ud83d\ude42<\/p>\n<p><strong>Links zum Podcast<\/strong><\/p>\n<ul>\n<li><a href=\"http:\/\/de.wikipedia.org\/wiki\/Tods%C3%BCnde\" target=\"_blank\">Tods\u00fcnden bei Wikipedia<\/a><\/li>\n<li>Jeff Curtos Podcastfolgen \u00fcber Gestalttheorie in der Fotografie:\u00a0<a href=\"http:\/\/www.cameraposition.com\/archives\/180\" target=\"_blank\">Go With the Gestalt (part 1)<\/a>,\u00a0<a href=\"http:\/\/www.cameraposition.com\/archives\/187\" target=\"_blank\">Go With the Gestalt (part 2)<\/a><\/li>\n<\/ul>\n<p><a href=\"http:\/\/www.podtrac.com\/pts\/redirect.mp3\/media.monismotivklingel.de\/mmk059_voellerei.mp3\">Episode herunterladen<\/a><\/p>\n","protected":false},"excerpt":{"rendered":"<p>L\u00e4ssliche, mittelschwere oder himmelschreiende S\u00fcnden. Tods\u00fcnden. In dieser Folge geht es um die V\u00f6llerei in der Fotografie &#8211; wo tritt sie auf und was kann ich tun, um ihr nicht anheim zu fallen. Man merkt, dass ich umziehe &#8211; das Aufr\u00e4umen, Fokussieren und Weglassen, findet sogar Eingang in Motivklingelfolgen. \ud83d\ude42 Links zum Podcast Tods\u00fcnden bei<a class=\"read-more \" href=\"https:\/\/www.andrae.org\/podcast\/2014\/11\/02\/59-vollerei\/\" title=\"Read More\"> <span class=\"button default\">Read More<\/span><\/a><\/p>\n","protected":false},"author":2,"featured_media":1294,"comment_status":"open","ping_status":"open","sticky":false,"template":"","format":"standard","meta":{"ngg_post_thumbnail":0,"footnotes":""},"categories":[1],"tags":[253,252,20,251,193,243,254],"class_list":["post-1211","post","type-post","status-publish","format-standard","has-post-thumbnail","hentry","category-motivklingel","tag-abbildungseigenschaften","tag-aufnahmestandpunkt","tag-fokus","tag-objektive","tag-subjekt","tag-sunde","tag-vorbereitung"],"yoast_head":"<!-- This site is optimized with the Yoast SEO plugin v24.1 - https:\/\/yoast.com\/wordpress\/plugins\/seo\/ -->\n<title>#59 - V\u00f6llerei - Monis Motivklingel<\/title>\n<meta name=\"robots\" content=\"index, follow, max-snippet:-1, max-image-preview:large, max-video-preview:-1\" \/>\n<link rel=\"canonical\" href=\"https:\/\/www.andrae.org\/podcast\/2014\/11\/02\/59-vollerei\/\" \/>\n<meta property=\"og:locale\" content=\"en_US\" \/>\n<meta property=\"og:type\" content=\"article\" \/>\n<meta property=\"og:title\" content=\"#59 - V\u00f6llerei - Monis Motivklingel\" \/>\n<meta property=\"og:description\" content=\"L\u00e4ssliche, mittelschwere oder himmelschreiende S\u00fcnden. Tods\u00fcnden. In dieser Folge geht es um die V\u00f6llerei in der Fotografie &#8211; wo tritt sie auf und was kann ich tun, um ihr nicht anheim zu fallen. Man merkt, dass ich umziehe &#8211; das Aufr\u00e4umen, Fokussieren und Weglassen, findet sogar Eingang in Motivklingelfolgen. \ud83d\ude42 Links zum Podcast Tods\u00fcnden bei Read More\" \/>\n<meta property=\"og:url\" content=\"https:\/\/www.andrae.org\/podcast\/2014\/11\/02\/59-vollerei\/\" \/>\n<meta property=\"og:site_name\" content=\"Monis Motivklingel\" \/>\n<meta property=\"article:published_time\" content=\"2014-11-02T15:41:24+00:00\" \/>\n<meta property=\"article:modified_time\" content=\"2016-02-10T19:51:55+00:00\" \/>\n<meta property=\"og:image\" content=\"https:\/\/www.andrae.org\/podcast\/wp-content\/uploads\/2014\/11\/voellerei_epis.png\" \/>\n\t<meta property=\"og:image:width\" content=\"940\" \/>\n\t<meta property=\"og:image:height\" content=\"429\" \/>\n\t<meta property=\"og:image:type\" content=\"image\/png\" \/>\n<meta name=\"author\" content=\"Moni\" \/>\n<meta name=\"twitter:card\" content=\"summary_large_image\" \/>\n<meta name=\"twitter:creator\" content=\"@nahlinse\" \/>\n<meta name=\"twitter:site\" content=\"@nahlinse\" \/>\n<meta name=\"twitter:label1\" content=\"Written by\" \/>\n\t<meta name=\"twitter:data1\" content=\"Moni\" \/>\n<script type=\"application\/ld+json\" class=\"yoast-schema-graph\">{\"@context\":\"https:\/\/schema.org\",\"@graph\":[{\"@type\":\"WebPage\",\"@id\":\"https:\/\/www.andrae.org\/podcast\/2014\/11\/02\/59-vollerei\/\",\"url\":\"https:\/\/www.andrae.org\/podcast\/2014\/11\/02\/59-vollerei\/\",\"name\":\"#59 - V\u00f6llerei - Monis Motivklingel\",\"isPartOf\":{\"@id\":\"https:\/\/www.andrae.org\/podcast\/#website\"},\"primaryImageOfPage\":{\"@id\":\"https:\/\/www.andrae.org\/podcast\/2014\/11\/02\/59-vollerei\/#primaryimage\"},\"image\":{\"@id\":\"https:\/\/www.andrae.org\/podcast\/2014\/11\/02\/59-vollerei\/#primaryimage\"},\"thumbnailUrl\":\"https:\/\/www.andrae.org\/podcast\/wp-content\/uploads\/2014\/11\/voellerei_epis.png\",\"datePublished\":\"2014-11-02T15:41:24+00:00\",\"dateModified\":\"2016-02-10T19:51:55+00:00\",\"author\":{\"@id\":\"https:\/\/www.andrae.org\/podcast\/#\/schema\/person\/7f3d1bb5258c637634c17a630fc6e32a\"},\"breadcrumb\":{\"@id\":\"https:\/\/www.andrae.org\/podcast\/2014\/11\/02\/59-vollerei\/#breadcrumb\"},\"inLanguage\":\"en-US\",\"potentialAction\":[{\"@type\":\"ReadAction\",\"target\":[\"https:\/\/www.andrae.org\/podcast\/2014\/11\/02\/59-vollerei\/\"]}]},{\"@type\":\"ImageObject\",\"inLanguage\":\"en-US\",\"@id\":\"https:\/\/www.andrae.org\/podcast\/2014\/11\/02\/59-vollerei\/#primaryimage\",\"url\":\"https:\/\/www.andrae.org\/podcast\/wp-content\/uploads\/2014\/11\/voellerei_epis.png\",\"contentUrl\":\"https:\/\/www.andrae.org\/podcast\/wp-content\/uploads\/2014\/11\/voellerei_epis.png\",\"width\":940,\"height\":429},{\"@type\":\"BreadcrumbList\",\"@id\":\"https:\/\/www.andrae.org\/podcast\/2014\/11\/02\/59-vollerei\/#breadcrumb\",\"itemListElement\":[{\"@type\":\"ListItem\",\"position\":1,\"name\":\"Home\",\"item\":\"https:\/\/www.andrae.org\/podcast\/\"},{\"@type\":\"ListItem\",\"position\":2,\"name\":\"#59 &#8211; V\u00f6llerei\"}]},{\"@type\":\"WebSite\",\"@id\":\"https:\/\/www.andrae.org\/podcast\/#website\",\"url\":\"https:\/\/www.andrae.org\/podcast\/\",\"name\":\"Monis Motivklingel\",\"description\":\"Im Wesentlichen Fotografie\",\"potentialAction\":[{\"@type\":\"SearchAction\",\"target\":{\"@type\":\"EntryPoint\",\"urlTemplate\":\"https:\/\/www.andrae.org\/podcast\/?s={search_term_string}\"},\"query-input\":{\"@type\":\"PropertyValueSpecification\",\"valueRequired\":true,\"valueName\":\"search_term_string\"}}],\"inLanguage\":\"en-US\"},{\"@type\":\"Person\",\"@id\":\"https:\/\/www.andrae.org\/podcast\/#\/schema\/person\/7f3d1bb5258c637634c17a630fc6e32a\",\"name\":\"Moni\",\"image\":{\"@type\":\"ImageObject\",\"inLanguage\":\"en-US\",\"@id\":\"https:\/\/www.andrae.org\/podcast\/#\/schema\/person\/image\/\",\"url\":\"https:\/\/secure.gravatar.com\/avatar\/36e111922c0b8122d3fd7b9202b76c6d?s=96&d=mm&r=g\",\"contentUrl\":\"https:\/\/secure.gravatar.com\/avatar\/36e111922c0b8122d3fd7b9202b76c6d?s=96&d=mm&r=g\",\"caption\":\"Moni\"},\"sameAs\":[\"http:\/\/\"],\"url\":\"https:\/\/www.andrae.org\/podcast\/author\/moni\/\"}]}<\/script>\n<!-- \/ Yoast SEO plugin. -->","yoast_head_json":{"title":"#59 - V\u00f6llerei - Monis Motivklingel","robots":{"index":"index","follow":"follow","max-snippet":"max-snippet:-1","max-image-preview":"max-image-preview:large","max-video-preview":"max-video-preview:-1"},"canonical":"https:\/\/www.andrae.org\/podcast\/2014\/11\/02\/59-vollerei\/","og_locale":"en_US","og_type":"article","og_title":"#59 - V\u00f6llerei - Monis Motivklingel","og_description":"L\u00e4ssliche, mittelschwere oder himmelschreiende S\u00fcnden. Tods\u00fcnden. In dieser Folge geht es um die V\u00f6llerei in der Fotografie &#8211; wo tritt sie auf und was kann ich tun, um ihr nicht anheim zu fallen. Man merkt, dass ich umziehe &#8211; das Aufr\u00e4umen, Fokussieren und Weglassen, findet sogar Eingang in Motivklingelfolgen. \ud83d\ude42 Links zum Podcast Tods\u00fcnden bei Read More","og_url":"https:\/\/www.andrae.org\/podcast\/2014\/11\/02\/59-vollerei\/","og_site_name":"Monis Motivklingel","article_published_time":"2014-11-02T15:41:24+00:00","article_modified_time":"2016-02-10T19:51:55+00:00","og_image":[{"width":940,"height":429,"url":"https:\/\/www.andrae.org\/podcast\/wp-content\/uploads\/2014\/11\/voellerei_epis.png","type":"image\/png"}],"author":"Moni","twitter_card":"summary_large_image","twitter_creator":"@nahlinse","twitter_site":"@nahlinse","twitter_misc":{"Written by":"Moni"},"schema":{"@context":"https:\/\/schema.org","@graph":[{"@type":"WebPage","@id":"https:\/\/www.andrae.org\/podcast\/2014\/11\/02\/59-vollerei\/","url":"https:\/\/www.andrae.org\/podcast\/2014\/11\/02\/59-vollerei\/","name":"#59 - V\u00f6llerei - Monis Motivklingel","isPartOf":{"@id":"https:\/\/www.andrae.org\/podcast\/#website"},"primaryImageOfPage":{"@id":"https:\/\/www.andrae.org\/podcast\/2014\/11\/02\/59-vollerei\/#primaryimage"},"image":{"@id":"https:\/\/www.andrae.org\/podcast\/2014\/11\/02\/59-vollerei\/#primaryimage"},"thumbnailUrl":"https:\/\/www.andrae.org\/podcast\/wp-content\/uploads\/2014\/11\/voellerei_epis.png","datePublished":"2014-11-02T15:41:24+00:00","dateModified":"2016-02-10T19:51:55+00:00","author":{"@id":"https:\/\/www.andrae.org\/podcast\/#\/schema\/person\/7f3d1bb5258c637634c17a630fc6e32a"},"breadcrumb":{"@id":"https:\/\/www.andrae.org\/podcast\/2014\/11\/02\/59-vollerei\/#breadcrumb"},"inLanguage":"en-US","potentialAction":[{"@type":"ReadAction","target":["https:\/\/www.andrae.org\/podcast\/2014\/11\/02\/59-vollerei\/"]}]},{"@type":"ImageObject","inLanguage":"en-US","@id":"https:\/\/www.andrae.org\/podcast\/2014\/11\/02\/59-vollerei\/#primaryimage","url":"https:\/\/www.andrae.org\/podcast\/wp-content\/uploads\/2014\/11\/voellerei_epis.png","contentUrl":"https:\/\/www.andrae.org\/podcast\/wp-content\/uploads\/2014\/11\/voellerei_epis.png","width":940,"height":429},{"@type":"BreadcrumbList","@id":"https:\/\/www.andrae.org\/podcast\/2014\/11\/02\/59-vollerei\/#breadcrumb","itemListElement":[{"@type":"ListItem","position":1,"name":"Home","item":"https:\/\/www.andrae.org\/podcast\/"},{"@type":"ListItem","position":2,"name":"#59 &#8211; V\u00f6llerei"}]},{"@type":"WebSite","@id":"https:\/\/www.andrae.org\/podcast\/#website","url":"https:\/\/www.andrae.org\/podcast\/","name":"Monis Motivklingel","description":"Im Wesentlichen Fotografie","potentialAction":[{"@type":"SearchAction","target":{"@type":"EntryPoint","urlTemplate":"https:\/\/www.andrae.org\/podcast\/?s={search_term_string}"},"query-input":{"@type":"PropertyValueSpecification","valueRequired":true,"valueName":"search_term_string"}}],"inLanguage":"en-US"},{"@type":"Person","@id":"https:\/\/www.andrae.org\/podcast\/#\/schema\/person\/7f3d1bb5258c637634c17a630fc6e32a","name":"Moni","image":{"@type":"ImageObject","inLanguage":"en-US","@id":"https:\/\/www.andrae.org\/podcast\/#\/schema\/person\/image\/","url":"https:\/\/secure.gravatar.com\/avatar\/36e111922c0b8122d3fd7b9202b76c6d?s=96&d=mm&r=g","contentUrl":"https:\/\/secure.gravatar.com\/avatar\/36e111922c0b8122d3fd7b9202b76c6d?s=96&d=mm&r=g","caption":"Moni"},"sameAs":["http:\/\/"],"url":"https:\/\/www.andrae.org\/podcast\/author\/moni\/"}]}},"_links":{"self":[{"href":"https:\/\/www.andrae.org\/podcast\/wp-json\/wp\/v2\/posts\/1211","targetHints":{"allow":["GET"]}}],"collection":[{"href":"https:\/\/www.andrae.org\/podcast\/wp-json\/wp\/v2\/posts"}],"about":[{"href":"https:\/\/www.andrae.org\/podcast\/wp-json\/wp\/v2\/types\/post"}],"author":[{"embeddable":true,"href":"https:\/\/www.andrae.org\/podcast\/wp-json\/wp\/v2\/users\/2"}],"replies":[{"embeddable":true,"href":"https:\/\/www.andrae.org\/podcast\/wp-json\/wp\/v2\/comments?post=1211"}],"version-history":[{"count":4,"href":"https:\/\/www.andrae.org\/podcast\/wp-json\/wp\/v2\/posts\/1211\/revisions"}],"predecessor-version":[{"id":1295,"href":"https:\/\/www.andrae.org\/podcast\/wp-json\/wp\/v2\/posts\/1211\/revisions\/1295"}],"wp:featuredmedia":[{"embeddable":true,"href":"https:\/\/www.andrae.org\/podcast\/wp-json\/wp\/v2\/media\/1294"}],"wp:attachment":[{"href":"https:\/\/www.andrae.org\/podcast\/wp-json\/wp\/v2\/media?parent=1211"}],"wp:term":[{"taxonomy":"category","embeddable":true,"href":"https:\/\/www.andrae.org\/podcast\/wp-json\/wp\/v2\/categories?post=1211"},{"taxonomy":"post_tag","embeddable":true,"href":"https:\/\/www.andrae.org\/podcast\/wp-json\/wp\/v2\/tags?post=1211"}],"curies":[{"name":"wp","href":"https:\/\/api.w.org\/{rel}","templated":true}]}}