{"id":110,"date":"2009-07-02T06:28:43","date_gmt":"2009-07-02T05:28:43","guid":{"rendered":"http:\/\/www.andrae.org\/podcast\/?p=110"},"modified":"2009-07-05T21:18:43","modified_gmt":"2009-07-05T20:18:43","slug":"4-gar-nicht-scharf","status":"publish","type":"post","link":"https:\/\/www.andrae.org\/podcast\/2009\/07\/02\/4-gar-nicht-scharf\/","title":{"rendered":"#4 &#8211; Gar nicht scharf"},"content":{"rendered":"<p>Wenn man durch Foren, Fotob\u00fccher oder \u00c4hnliches st\u00f6bert, lernt man eines sehr schnell: Ein Foto hat an den richtigen Stellen scharf zu sein. Wobei \u00a0&#8220;an den richtigen Stellen&#8221; \u00e4u\u00dferst dehnbar  ist. F\u00fcr manche geht es soweit, dass m\u00f6glichst das ganze Bild von vorne bis hinten scharf sein muss &#8211; f\u00fcr andere m\u00fcssen zumindest bildwichtige Teile in der Sch\u00e4rfeebene liegen.<\/p>\n<p>Ich mache mich heute einmal\u00a0bei &#8220;manchen&#8221; und &#8220;anderen&#8221; unbeliebt und breche eine Lanze f\u00fcr totale Unsch\u00e4rfe.<\/p>\n<div id=\"attachment_125\" style=\"width: 510px\" class=\"wp-caption alignnone\"><img loading=\"lazy\" decoding=\"async\" aria-describedby=\"caption-attachment-125\" class=\"size-full wp-image-125  \" title=\"Giguere_Untitled_18\" src=\"http:\/\/www.andrae.org\/podcast\/wp-content\/uploads\/2009\/07\/Giguere_Untitled_18.jpg\" alt=\"Anonymous Lives #18. \u00a9 Paul Giguere, http:\/\/www.paulgiguere.com\" width=\"500\" height=\"334\" srcset=\"https:\/\/www.andrae.org\/podcast\/wp-content\/uploads\/2009\/07\/Giguere_Untitled_18.jpg 500w, https:\/\/www.andrae.org\/podcast\/wp-content\/uploads\/2009\/07\/Giguere_Untitled_18-300x200.jpg 300w\" sizes=\"auto, (max-width: 500px) 100vw, 500px\" \/><p id=\"caption-attachment-125\" class=\"wp-caption-text\">Anonymous Lives #18. \u00a9 Paul Giguere<\/p><\/div>\n<p><strong>Links zur Sendung:<\/strong><\/p>\n<ul>\n<li>Paul Giguere: Portfolio, <a href=\"http:\/\/www.paulgiguere.visualserver.com\/Portfolio.cfm?nK=1011\" target=\"_blank\">Anonymous Lives<\/a><\/li>\n<li>Paul&#8217;s Podcast:\u00a0<a href=\"http:\/\/www.thoughtsonphotography.com\/\" target=\"_blank\">thoughts on photography<\/a><\/li>\n<li><a href=\"http:\/\/www.kenrosenthal.com\/images.htm\" target=\"_blank\">Bilder von Ken Rosenthal<\/a><\/li>\n<li><a href=\"http:\/\/www.susanburnstine.com\/portfolios.htm\" target=\"_blank\">Bilder von Susan Burnstine<\/a><\/li>\n<li><a title=\"Subjektiv\" href=\"http:\/\/www.subjektiv.de\/\" target=\"_blank\">Das Subjektiv<\/a><\/li>\n<li><a href=\"http:\/\/lensbaby.com\/index.php\" target=\"_blank\">Das Lensbaby<\/a><\/li>\n<\/ul>\n<p>Au\u00dferdem gibt es einen Nachtrag zur letzten Folge und ein neues Jingle (!). Der Dank f\u00fcr das Intro geht heute an <strong>Andreas Block<\/strong>.<\/p>\n<p><strong>05. Juni 2009, Nachtrag:<\/strong><br \/>\nAuf vielfachen Wunsch: der unscharfe Junge aus Nepal<\/p>\n<div style=\"width: 345px\" class=\"wp-caption alignnone\"><a href=\"http:\/\/enlarger.myd3.com\/view\/3691515674?bgcolor=101010\"><img loading=\"lazy\" decoding=\"async\" title=\"dancing on the trail\" src=\"http:\/\/farm4.static.flickr.com\/3577\/3691515674_3c145cfa66.jpg\" alt=\"dancing on the trail\" width=\"335\" height=\"500\" \/><\/a><p class=\"wp-caption-text\">dancing on the trail<\/p><\/div>\n<p><a href=\"http:\/\/www.podtrac.com\/pts\/redirect.mp3\/media.tipsfromthetopfloor.com\/mmk\/mmk004_nichtscharf.mp3\">Episode herunterladen<\/a><\/p>\n","protected":false},"excerpt":{"rendered":"<p>Wenn man durch Foren, Fotob\u00fccher oder \u00c4hnliches st\u00f6bert, lernt man eines sehr schnell: Ein Foto hat an den richtigen Stellen scharf zu sein. Wobei  &#8220;an den richtigen Stellen&#8221; \u00e4u\u00dferst dehnbar ist. F\u00fcr manche geht es soweit, dass m\u00f6glichst das ganze Bild von vorne bis hinten scharf sein muss &#8211; f\u00fcr andere m\u00fcssen zumindest bildwichtige Teile in der Sch\u00e4rfeebene liegen.<\/p>\n<p>Ich mache mich heute einmal bei &#8220;manchen&#8221; und &#8220;anderen&#8221; unbeliebt und breche eine Lanze f\u00fcr totale Unsch\u00e4rfe.<a class=\"read-more \" href=\"https:\/\/www.andrae.org\/podcast\/2009\/07\/02\/4-gar-nicht-scharf\/\" title=\"Read More\"> <span class=\"button default\">Read More<\/span><\/a><\/p>\n","protected":false},"author":2,"featured_media":0,"comment_status":"open","ping_status":"open","sticky":false,"template":"","format":"standard","meta":{"ngg_post_thumbnail":0,"footnotes":""},"categories":[1],"tags":[20,22,23,21],"class_list":["post-110","post","type-post","status-publish","format-standard","hentry","category-motivklingel","tag-fokus","tag-scharf","tag-soft","tag-unscharf"],"yoast_head":"<!-- This site is optimized with the Yoast SEO plugin v24.1 - https:\/\/yoast.com\/wordpress\/plugins\/seo\/ -->\n<title>#4 - Gar nicht scharf - Monis Motivklingel<\/title>\n<meta name=\"robots\" content=\"index, follow, max-snippet:-1, max-image-preview:large, max-video-preview:-1\" \/>\n<link rel=\"canonical\" href=\"https:\/\/www.andrae.org\/podcast\/2009\/07\/02\/4-gar-nicht-scharf\/\" \/>\n<meta property=\"og:locale\" content=\"en_US\" \/>\n<meta property=\"og:type\" content=\"article\" \/>\n<meta property=\"og:title\" content=\"#4 - Gar nicht scharf - Monis Motivklingel\" \/>\n<meta property=\"og:description\" content=\"Wenn man durch Foren, Fotob\u00fccher oder \u00c4hnliches st\u00f6bert, lernt man eines sehr schnell: Ein Foto hat an den richtigen Stellen scharf zu sein. Wobei &quot;an den richtigen Stellen&quot; \u00e4u\u00dferst dehnbar ist. F\u00fcr manche geht es soweit, dass m\u00f6glichst das ganze Bild von vorne bis hinten scharf sein muss - f\u00fcr andere m\u00fcssen zumindest bildwichtige Teile in der Sch\u00e4rfeebene liegen.  Ich mache mich heute einmal bei &quot;manchen&quot; und &quot;anderen&quot; unbeliebt und breche eine Lanze f\u00fcr totale Unsch\u00e4rfe. Read More\" \/>\n<meta property=\"og:url\" content=\"https:\/\/www.andrae.org\/podcast\/2009\/07\/02\/4-gar-nicht-scharf\/\" \/>\n<meta property=\"og:site_name\" content=\"Monis Motivklingel\" \/>\n<meta property=\"article:published_time\" content=\"2009-07-02T05:28:43+00:00\" \/>\n<meta property=\"article:modified_time\" content=\"2009-07-05T20:18:43+00:00\" \/>\n<meta property=\"og:image\" content=\"https:\/\/www.andrae.org\/podcast\/wp-content\/uploads\/2009\/07\/Giguere_Untitled_18.jpg\" \/>\n\t<meta property=\"og:image:width\" content=\"500\" \/>\n\t<meta property=\"og:image:height\" content=\"334\" \/>\n\t<meta property=\"og:image:type\" content=\"image\/jpeg\" \/>\n<meta name=\"author\" content=\"Moni\" \/>\n<meta name=\"twitter:card\" content=\"summary_large_image\" \/>\n<meta name=\"twitter:creator\" content=\"@nahlinse\" \/>\n<meta name=\"twitter:site\" content=\"@nahlinse\" \/>\n<meta name=\"twitter:label1\" content=\"Written by\" \/>\n\t<meta name=\"twitter:data1\" content=\"Moni\" \/>\n\t<meta name=\"twitter:label2\" content=\"Est. reading time\" \/>\n\t<meta name=\"twitter:data2\" content=\"1 minute\" \/>\n<script type=\"application\/ld+json\" class=\"yoast-schema-graph\">{\"@context\":\"https:\/\/schema.org\",\"@graph\":[{\"@type\":\"WebPage\",\"@id\":\"https:\/\/www.andrae.org\/podcast\/2009\/07\/02\/4-gar-nicht-scharf\/\",\"url\":\"https:\/\/www.andrae.org\/podcast\/2009\/07\/02\/4-gar-nicht-scharf\/\",\"name\":\"#4 - Gar nicht scharf - Monis Motivklingel\",\"isPartOf\":{\"@id\":\"https:\/\/www.andrae.org\/podcast\/#website\"},\"primaryImageOfPage\":{\"@id\":\"https:\/\/www.andrae.org\/podcast\/2009\/07\/02\/4-gar-nicht-scharf\/#primaryimage\"},\"image\":{\"@id\":\"https:\/\/www.andrae.org\/podcast\/2009\/07\/02\/4-gar-nicht-scharf\/#primaryimage\"},\"thumbnailUrl\":\"http:\/\/www.andrae.org\/podcast\/wp-content\/uploads\/2009\/07\/Giguere_Untitled_18.jpg\",\"datePublished\":\"2009-07-02T05:28:43+00:00\",\"dateModified\":\"2009-07-05T20:18:43+00:00\",\"author\":{\"@id\":\"https:\/\/www.andrae.org\/podcast\/#\/schema\/person\/7f3d1bb5258c637634c17a630fc6e32a\"},\"breadcrumb\":{\"@id\":\"https:\/\/www.andrae.org\/podcast\/2009\/07\/02\/4-gar-nicht-scharf\/#breadcrumb\"},\"inLanguage\":\"en-US\",\"potentialAction\":[{\"@type\":\"ReadAction\",\"target\":[\"https:\/\/www.andrae.org\/podcast\/2009\/07\/02\/4-gar-nicht-scharf\/\"]}]},{\"@type\":\"ImageObject\",\"inLanguage\":\"en-US\",\"@id\":\"https:\/\/www.andrae.org\/podcast\/2009\/07\/02\/4-gar-nicht-scharf\/#primaryimage\",\"url\":\"http:\/\/www.andrae.org\/podcast\/wp-content\/uploads\/2009\/07\/Giguere_Untitled_18.jpg\",\"contentUrl\":\"http:\/\/www.andrae.org\/podcast\/wp-content\/uploads\/2009\/07\/Giguere_Untitled_18.jpg\"},{\"@type\":\"BreadcrumbList\",\"@id\":\"https:\/\/www.andrae.org\/podcast\/2009\/07\/02\/4-gar-nicht-scharf\/#breadcrumb\",\"itemListElement\":[{\"@type\":\"ListItem\",\"position\":1,\"name\":\"Home\",\"item\":\"https:\/\/www.andrae.org\/podcast\/\"},{\"@type\":\"ListItem\",\"position\":2,\"name\":\"#4 &#8211; Gar nicht scharf\"}]},{\"@type\":\"WebSite\",\"@id\":\"https:\/\/www.andrae.org\/podcast\/#website\",\"url\":\"https:\/\/www.andrae.org\/podcast\/\",\"name\":\"Monis Motivklingel\",\"description\":\"Im Wesentlichen Fotografie\",\"potentialAction\":[{\"@type\":\"SearchAction\",\"target\":{\"@type\":\"EntryPoint\",\"urlTemplate\":\"https:\/\/www.andrae.org\/podcast\/?s={search_term_string}\"},\"query-input\":{\"@type\":\"PropertyValueSpecification\",\"valueRequired\":true,\"valueName\":\"search_term_string\"}}],\"inLanguage\":\"en-US\"},{\"@type\":\"Person\",\"@id\":\"https:\/\/www.andrae.org\/podcast\/#\/schema\/person\/7f3d1bb5258c637634c17a630fc6e32a\",\"name\":\"Moni\",\"image\":{\"@type\":\"ImageObject\",\"inLanguage\":\"en-US\",\"@id\":\"https:\/\/www.andrae.org\/podcast\/#\/schema\/person\/image\/\",\"url\":\"https:\/\/secure.gravatar.com\/avatar\/36e111922c0b8122d3fd7b9202b76c6d?s=96&d=mm&r=g\",\"contentUrl\":\"https:\/\/secure.gravatar.com\/avatar\/36e111922c0b8122d3fd7b9202b76c6d?s=96&d=mm&r=g\",\"caption\":\"Moni\"},\"sameAs\":[\"http:\/\/\"],\"url\":\"https:\/\/www.andrae.org\/podcast\/author\/moni\/\"}]}<\/script>\n<!-- \/ Yoast SEO plugin. -->","yoast_head_json":{"title":"#4 - Gar nicht scharf - Monis Motivklingel","robots":{"index":"index","follow":"follow","max-snippet":"max-snippet:-1","max-image-preview":"max-image-preview:large","max-video-preview":"max-video-preview:-1"},"canonical":"https:\/\/www.andrae.org\/podcast\/2009\/07\/02\/4-gar-nicht-scharf\/","og_locale":"en_US","og_type":"article","og_title":"#4 - Gar nicht scharf - Monis Motivklingel","og_description":"Wenn man durch Foren, Fotob\u00fccher oder \u00c4hnliches st\u00f6bert, lernt man eines sehr schnell: Ein Foto hat an den richtigen Stellen scharf zu sein. Wobei \"an den richtigen Stellen\" \u00e4u\u00dferst dehnbar ist. F\u00fcr manche geht es soweit, dass m\u00f6glichst das ganze Bild von vorne bis hinten scharf sein muss - f\u00fcr andere m\u00fcssen zumindest bildwichtige Teile in der Sch\u00e4rfeebene liegen.  Ich mache mich heute einmal bei \"manchen\" und \"anderen\" unbeliebt und breche eine Lanze f\u00fcr totale Unsch\u00e4rfe. Read More","og_url":"https:\/\/www.andrae.org\/podcast\/2009\/07\/02\/4-gar-nicht-scharf\/","og_site_name":"Monis Motivklingel","article_published_time":"2009-07-02T05:28:43+00:00","article_modified_time":"2009-07-05T20:18:43+00:00","og_image":[{"width":500,"height":334,"url":"https:\/\/www.andrae.org\/podcast\/wp-content\/uploads\/2009\/07\/Giguere_Untitled_18.jpg","type":"image\/jpeg"}],"author":"Moni","twitter_card":"summary_large_image","twitter_creator":"@nahlinse","twitter_site":"@nahlinse","twitter_misc":{"Written by":"Moni","Est. reading time":"1 minute"},"schema":{"@context":"https:\/\/schema.org","@graph":[{"@type":"WebPage","@id":"https:\/\/www.andrae.org\/podcast\/2009\/07\/02\/4-gar-nicht-scharf\/","url":"https:\/\/www.andrae.org\/podcast\/2009\/07\/02\/4-gar-nicht-scharf\/","name":"#4 - Gar nicht scharf - Monis Motivklingel","isPartOf":{"@id":"https:\/\/www.andrae.org\/podcast\/#website"},"primaryImageOfPage":{"@id":"https:\/\/www.andrae.org\/podcast\/2009\/07\/02\/4-gar-nicht-scharf\/#primaryimage"},"image":{"@id":"https:\/\/www.andrae.org\/podcast\/2009\/07\/02\/4-gar-nicht-scharf\/#primaryimage"},"thumbnailUrl":"http:\/\/www.andrae.org\/podcast\/wp-content\/uploads\/2009\/07\/Giguere_Untitled_18.jpg","datePublished":"2009-07-02T05:28:43+00:00","dateModified":"2009-07-05T20:18:43+00:00","author":{"@id":"https:\/\/www.andrae.org\/podcast\/#\/schema\/person\/7f3d1bb5258c637634c17a630fc6e32a"},"breadcrumb":{"@id":"https:\/\/www.andrae.org\/podcast\/2009\/07\/02\/4-gar-nicht-scharf\/#breadcrumb"},"inLanguage":"en-US","potentialAction":[{"@type":"ReadAction","target":["https:\/\/www.andrae.org\/podcast\/2009\/07\/02\/4-gar-nicht-scharf\/"]}]},{"@type":"ImageObject","inLanguage":"en-US","@id":"https:\/\/www.andrae.org\/podcast\/2009\/07\/02\/4-gar-nicht-scharf\/#primaryimage","url":"http:\/\/www.andrae.org\/podcast\/wp-content\/uploads\/2009\/07\/Giguere_Untitled_18.jpg","contentUrl":"http:\/\/www.andrae.org\/podcast\/wp-content\/uploads\/2009\/07\/Giguere_Untitled_18.jpg"},{"@type":"BreadcrumbList","@id":"https:\/\/www.andrae.org\/podcast\/2009\/07\/02\/4-gar-nicht-scharf\/#breadcrumb","itemListElement":[{"@type":"ListItem","position":1,"name":"Home","item":"https:\/\/www.andrae.org\/podcast\/"},{"@type":"ListItem","position":2,"name":"#4 &#8211; Gar nicht scharf"}]},{"@type":"WebSite","@id":"https:\/\/www.andrae.org\/podcast\/#website","url":"https:\/\/www.andrae.org\/podcast\/","name":"Monis Motivklingel","description":"Im Wesentlichen Fotografie","potentialAction":[{"@type":"SearchAction","target":{"@type":"EntryPoint","urlTemplate":"https:\/\/www.andrae.org\/podcast\/?s={search_term_string}"},"query-input":{"@type":"PropertyValueSpecification","valueRequired":true,"valueName":"search_term_string"}}],"inLanguage":"en-US"},{"@type":"Person","@id":"https:\/\/www.andrae.org\/podcast\/#\/schema\/person\/7f3d1bb5258c637634c17a630fc6e32a","name":"Moni","image":{"@type":"ImageObject","inLanguage":"en-US","@id":"https:\/\/www.andrae.org\/podcast\/#\/schema\/person\/image\/","url":"https:\/\/secure.gravatar.com\/avatar\/36e111922c0b8122d3fd7b9202b76c6d?s=96&d=mm&r=g","contentUrl":"https:\/\/secure.gravatar.com\/avatar\/36e111922c0b8122d3fd7b9202b76c6d?s=96&d=mm&r=g","caption":"Moni"},"sameAs":["http:\/\/"],"url":"https:\/\/www.andrae.org\/podcast\/author\/moni\/"}]}},"_links":{"self":[{"href":"https:\/\/www.andrae.org\/podcast\/wp-json\/wp\/v2\/posts\/110","targetHints":{"allow":["GET"]}}],"collection":[{"href":"https:\/\/www.andrae.org\/podcast\/wp-json\/wp\/v2\/posts"}],"about":[{"href":"https:\/\/www.andrae.org\/podcast\/wp-json\/wp\/v2\/types\/post"}],"author":[{"embeddable":true,"href":"https:\/\/www.andrae.org\/podcast\/wp-json\/wp\/v2\/users\/2"}],"replies":[{"embeddable":true,"href":"https:\/\/www.andrae.org\/podcast\/wp-json\/wp\/v2\/comments?post=110"}],"version-history":[{"count":22,"href":"https:\/\/www.andrae.org\/podcast\/wp-json\/wp\/v2\/posts\/110\/revisions"}],"predecessor-version":[{"id":134,"href":"https:\/\/www.andrae.org\/podcast\/wp-json\/wp\/v2\/posts\/110\/revisions\/134"}],"wp:attachment":[{"href":"https:\/\/www.andrae.org\/podcast\/wp-json\/wp\/v2\/media?parent=110"}],"wp:term":[{"taxonomy":"category","embeddable":true,"href":"https:\/\/www.andrae.org\/podcast\/wp-json\/wp\/v2\/categories?post=110"},{"taxonomy":"post_tag","embeddable":true,"href":"https:\/\/www.andrae.org\/podcast\/wp-json\/wp\/v2\/tags?post=110"}],"curies":[{"name":"wp","href":"https:\/\/api.w.org\/{rel}","templated":true}]}}