{"id":1004,"date":"2011-10-03T16:49:38","date_gmt":"2011-10-03T15:49:38","guid":{"rendered":"http:\/\/www.andrae.org\/podcast\/?p=1004"},"modified":"2011-11-09T23:09:44","modified_gmt":"2011-11-09T22:09:44","slug":"43-abrechnung-mit-bruchrechnung","status":"publish","type":"post","link":"https:\/\/www.andrae.org\/podcast\/2011\/10\/03\/43-abrechnung-mit-bruchrechnung\/","title":{"rendered":"#43 &#8211; Abrechnung mit Bruchrechnung"},"content":{"rendered":"<div style=\"width: 255px\" class=\"wp-caption alignright\"><a href=\"http:\/\/www.flickr.com\/photos\/nahlinse\/5930989499\/in\/photostream\"><img loading=\"lazy\" decoding=\"async\" class=\"  \" title=\"gymn\" src=\"http:\/\/farm7.static.flickr.com\/6143\/5930989499_f1c00d14e2.jpg\" alt=\"gymn\" width=\"245\" height=\"187\" \/><\/a><p class=\"wp-caption-text\">gymn<\/p><\/div>\n<p>Die heutige Folge macht den Anfang bzw. die Einleitung f\u00fcr die ein oder andere Episode zum Thema Komposition. Es geht \u00a0um die Frage &#8220;Was ist eigentlich Komposition?&#8221; bzw. &#8220;Was geh\u00f6rt eigentlich alles dazu?&#8221; und \u00a0die Frage, ob man dazu eigentlich Regeln aufstellen kann, sollte oder darf.<\/p>\n<p>Anregung bzw. Inhalt f\u00fcr diese Folge lieferte rege H\u00f6rerbeteiligung auf Google+ &#8230; n\u00e4mlich <a href=\"https:\/\/plus.google.com\/111622998392424193652\/posts\/MFuV2TS5q4k\" target=\"_blank\">hier<\/a>. H\u00f6rer gestalten Podcasts sozusagen. \ud83d\ude09<\/p>\n<p><strong>Einen neuen eisernen Fotografen(#16) habe ich auch in die Welt gesetzt:<\/strong><br \/>\nMache ein neues Foto, das alle folgenden Elemente enth\u00e4lt:<\/p>\n<ol>\n<li>Schwarz-Wei\u00df<\/li>\n<li>Auf der Stra\u00dfe<\/li>\n<li>(in der Beschreibung zum Bild) Eine Erkl\u00e4rung warum das Subjekt (Hauptmotiv) da im Bild &#8220;sitzt&#8221;, wo es sitzt. Was gef\u00e4llt Dir daran, warum hast Du es genau da platziert?<\/li>\n<\/ol>\n<p>Details zum wie wo und \u00fcberhaupt der Aufgabe findest Du in der\u00a0<a href=\"http:\/\/www.flickr.com\/groups\/motivklingel\/discuss\/72157627685053993\/\" target=\"_blank\">Flickr-Gruppe zum Eisernen Fotografen<\/a>.<\/p>\n<p><strong>&#8220;Alte&#8221; Motivklingelfolgen zum Thema Komposition:<\/strong><\/p>\n<ul>\n<li><a title=\"#6 \u2013 Ganz sch\u00f6n negativ\" href=\"http:\/\/www.andrae.org\/podcast\/2009\/07\/16\/6-ganz-schon-negativ\/\">#6 Ganz sch\u00f6n negativ<\/a> (negativer Raum)<\/li>\n<li><a title=\"#11 \u2013 Aus dem Rahmen fallen\" href=\"http:\/\/www.andrae.org\/podcast\/2009\/08\/20\/11-aus-dem-rahmen-fallen\/\">#11 \u2013 Aus dem Rahmen fallen<\/a> (Rahmen\/Rahmung)<\/li>\n<li><a title=\"#19 \u2013 Und noch einmal\" href=\"http:\/\/www.andrae.org\/podcast\/2009\/10\/17\/19-und-noch-einmal\/\">#19 \u2013 Und noch einmal<\/a> (Wiederholungen)<\/li>\n<li><a title=\"#30 \u2013 Ganz sch\u00f6n linear\" href=\"http:\/\/www.andrae.org\/podcast\/2010\/03\/22\/30-ganz-schon-linear\/\">#30 \u2013 Ganz sch\u00f6n linear<\/a> (Linien\/Fl\u00e4chen)<\/li>\n<\/ul>\n<p><strong>Links zur heutigen Folge:<\/strong><\/p>\n<ul>\n<li><a href=\"https:\/\/plus.google.com\/111622998392424193652\/posts\/MFuV2TS5q4k\">Diskussion auf Google + zum Thema Komposition<\/a><\/li>\n<li>Homepage von <a href=\"http:\/\/www.zoomyboy.com\">Manfrad Huszar aka zoomyboy<\/a><\/li>\n<li><a href=\"http:\/\/www.flickr.com\/groups\/motivklingel\/\" target=\"_blank\">Flickr-Gruppe zum Eisernen Fotografen<\/a><\/li>\n<li><a title=\"Workshop Absolut Analog 1\" href=\"http:\/\/chrismarquardt.com\/workshop\/20111022_absolutanalog.php\" target=\"_blank\">Workshop Absolut Analog I: \u00a0&#8220;Panschen f\u00fcr Einsteiger&#8221;<\/a><\/li>\n<li>Sp\u00fcrsinn <a title=\"Sp\u00fcrsinn Blog\" href=\"http:\/\/www.spuer-sinn.net\/blog1\/\" target=\"_blank\">Blog<\/a><\/li>\n<li>Bild &#8220;<a href=\"http:\/\/www.flickr.com\/photos\/91551850@N00\/5515241944\/\" target=\"_blank\">zebra<\/a>&#8221; von\u00a0newton_at_woolsthorpe<\/li>\n<li>Bild &#8220;<a href=\"http:\/\/www.flickr.com\/photos\/walter-schmitt\/5631803469\/\" target=\"_blank\">aus dem Garten<\/a>&#8221; von Lichtschrauber<\/li>\n<li>Bild &#8220;<a href=\"http:\/\/www.flickr.com\/photos\/boxproject\/5974753978\/\" target=\"_blank\">Feuer unter Wasser<\/a>&#8221; von box-project<\/li>\n<\/ul>\n<p><a href=\"http:\/\/www.podtrac.com\/pts\/redirect.mp3\/media.monismotivklingel.de\/mmk043_bruchrechnung.mp3\">Episode herunterladen<\/a><\/p>\n","protected":false},"excerpt":{"rendered":"<p>Die heutige Folge macht den Anfang bzw. die Einleitung f\u00fcr die ein oder andere Episode zum Thema Komposition. Es geht  um die Frage &#8220;Was ist eigentlich Komposition?&#8221; bzw. &#8220;Was geh\u00f6rt eigentlich alles dazu?&#8221; und  die Frage, ob man dazu eigentlich Regeln aufstellen kann, sollte oder darf.<\/p>\n<p>Anregung bzw. Inhalt f\u00fcr diese Folge lieferte rege H\u00f6rerbeteiligung auf Google+. H\u00f6rer gestalten Podcasts sozusagen. \ud83d\ude09<a class=\"read-more \" href=\"https:\/\/www.andrae.org\/podcast\/2011\/10\/03\/43-abrechnung-mit-bruchrechnung\/\" title=\"Read More\"> <span class=\"button default\">Read More<\/span><\/a><\/p>\n","protected":false},"author":2,"featured_media":0,"comment_status":"open","ping_status":"open","sticky":false,"template":"","format":"standard","meta":{"ngg_post_thumbnail":0,"footnotes":""},"categories":[1],"tags":[194,38],"class_list":["post-1004","post","type-post","status-publish","format-standard","hentry","category-motivklingel","tag-bildgestaltung","tag-komposition"],"yoast_head":"<!-- This site is optimized with the Yoast SEO plugin v24.1 - https:\/\/yoast.com\/wordpress\/plugins\/seo\/ -->\n<title>#43 - Abrechnung mit Bruchrechnung - Monis Motivklingel<\/title>\n<meta name=\"robots\" content=\"index, follow, max-snippet:-1, max-image-preview:large, max-video-preview:-1\" \/>\n<link rel=\"canonical\" href=\"https:\/\/www.andrae.org\/podcast\/2011\/10\/03\/43-abrechnung-mit-bruchrechnung\/\" \/>\n<meta property=\"og:locale\" content=\"en_US\" \/>\n<meta property=\"og:type\" content=\"article\" \/>\n<meta property=\"og:title\" content=\"#43 - Abrechnung mit Bruchrechnung - Monis Motivklingel\" \/>\n<meta property=\"og:description\" content=\"Die heutige Folge macht den Anfang bzw. die Einleitung f\u00fcr die ein oder andere Episode zum Thema Komposition. Es geht um die Frage &quot;Was ist eigentlich Komposition?&quot; bzw. &quot;Was geh\u00f6rt eigentlich alles dazu?&quot; und die Frage, ob man dazu eigentlich Regeln aufstellen kann, sollte oder darf.  Anregung bzw. Inhalt f\u00fcr diese Folge lieferte rege H\u00f6rerbeteiligung auf Google+. H\u00f6rer gestalten Podcasts sozusagen. ;-) Read More\" \/>\n<meta property=\"og:url\" content=\"https:\/\/www.andrae.org\/podcast\/2011\/10\/03\/43-abrechnung-mit-bruchrechnung\/\" \/>\n<meta property=\"og:site_name\" content=\"Monis Motivklingel\" \/>\n<meta property=\"article:published_time\" content=\"2011-10-03T15:49:38+00:00\" \/>\n<meta property=\"article:modified_time\" content=\"2011-11-09T22:09:44+00:00\" \/>\n<meta property=\"og:image\" content=\"http:\/\/farm7.static.flickr.com\/6143\/5930989499_f1c00d14e2.jpg\" \/>\n<meta name=\"author\" content=\"Moni\" \/>\n<meta name=\"twitter:card\" content=\"summary_large_image\" \/>\n<meta name=\"twitter:creator\" content=\"@nahlinse\" \/>\n<meta name=\"twitter:site\" content=\"@nahlinse\" \/>\n<meta name=\"twitter:label1\" content=\"Written by\" \/>\n\t<meta name=\"twitter:data1\" content=\"Moni\" \/>\n\t<meta name=\"twitter:label2\" content=\"Est. reading time\" \/>\n\t<meta name=\"twitter:data2\" content=\"1 minute\" \/>\n<script type=\"application\/ld+json\" class=\"yoast-schema-graph\">{\"@context\":\"https:\/\/schema.org\",\"@graph\":[{\"@type\":\"WebPage\",\"@id\":\"https:\/\/www.andrae.org\/podcast\/2011\/10\/03\/43-abrechnung-mit-bruchrechnung\/\",\"url\":\"https:\/\/www.andrae.org\/podcast\/2011\/10\/03\/43-abrechnung-mit-bruchrechnung\/\",\"name\":\"#43 - Abrechnung mit Bruchrechnung - Monis Motivklingel\",\"isPartOf\":{\"@id\":\"https:\/\/www.andrae.org\/podcast\/#website\"},\"primaryImageOfPage\":{\"@id\":\"https:\/\/www.andrae.org\/podcast\/2011\/10\/03\/43-abrechnung-mit-bruchrechnung\/#primaryimage\"},\"image\":{\"@id\":\"https:\/\/www.andrae.org\/podcast\/2011\/10\/03\/43-abrechnung-mit-bruchrechnung\/#primaryimage\"},\"thumbnailUrl\":\"http:\/\/farm7.static.flickr.com\/6143\/5930989499_f1c00d14e2.jpg\",\"datePublished\":\"2011-10-03T15:49:38+00:00\",\"dateModified\":\"2011-11-09T22:09:44+00:00\",\"author\":{\"@id\":\"https:\/\/www.andrae.org\/podcast\/#\/schema\/person\/7f3d1bb5258c637634c17a630fc6e32a\"},\"breadcrumb\":{\"@id\":\"https:\/\/www.andrae.org\/podcast\/2011\/10\/03\/43-abrechnung-mit-bruchrechnung\/#breadcrumb\"},\"inLanguage\":\"en-US\",\"potentialAction\":[{\"@type\":\"ReadAction\",\"target\":[\"https:\/\/www.andrae.org\/podcast\/2011\/10\/03\/43-abrechnung-mit-bruchrechnung\/\"]}]},{\"@type\":\"ImageObject\",\"inLanguage\":\"en-US\",\"@id\":\"https:\/\/www.andrae.org\/podcast\/2011\/10\/03\/43-abrechnung-mit-bruchrechnung\/#primaryimage\",\"url\":\"http:\/\/farm7.static.flickr.com\/6143\/5930989499_f1c00d14e2.jpg\",\"contentUrl\":\"http:\/\/farm7.static.flickr.com\/6143\/5930989499_f1c00d14e2.jpg\"},{\"@type\":\"BreadcrumbList\",\"@id\":\"https:\/\/www.andrae.org\/podcast\/2011\/10\/03\/43-abrechnung-mit-bruchrechnung\/#breadcrumb\",\"itemListElement\":[{\"@type\":\"ListItem\",\"position\":1,\"name\":\"Home\",\"item\":\"https:\/\/www.andrae.org\/podcast\/\"},{\"@type\":\"ListItem\",\"position\":2,\"name\":\"#43 &#8211; Abrechnung mit Bruchrechnung\"}]},{\"@type\":\"WebSite\",\"@id\":\"https:\/\/www.andrae.org\/podcast\/#website\",\"url\":\"https:\/\/www.andrae.org\/podcast\/\",\"name\":\"Monis Motivklingel\",\"description\":\"Im Wesentlichen Fotografie\",\"potentialAction\":[{\"@type\":\"SearchAction\",\"target\":{\"@type\":\"EntryPoint\",\"urlTemplate\":\"https:\/\/www.andrae.org\/podcast\/?s={search_term_string}\"},\"query-input\":{\"@type\":\"PropertyValueSpecification\",\"valueRequired\":true,\"valueName\":\"search_term_string\"}}],\"inLanguage\":\"en-US\"},{\"@type\":\"Person\",\"@id\":\"https:\/\/www.andrae.org\/podcast\/#\/schema\/person\/7f3d1bb5258c637634c17a630fc6e32a\",\"name\":\"Moni\",\"image\":{\"@type\":\"ImageObject\",\"inLanguage\":\"en-US\",\"@id\":\"https:\/\/www.andrae.org\/podcast\/#\/schema\/person\/image\/\",\"url\":\"https:\/\/secure.gravatar.com\/avatar\/36e111922c0b8122d3fd7b9202b76c6d?s=96&d=mm&r=g\",\"contentUrl\":\"https:\/\/secure.gravatar.com\/avatar\/36e111922c0b8122d3fd7b9202b76c6d?s=96&d=mm&r=g\",\"caption\":\"Moni\"},\"sameAs\":[\"http:\/\/\"],\"url\":\"https:\/\/www.andrae.org\/podcast\/author\/moni\/\"}]}<\/script>\n<!-- \/ Yoast SEO plugin. -->","yoast_head_json":{"title":"#43 - Abrechnung mit Bruchrechnung - Monis Motivklingel","robots":{"index":"index","follow":"follow","max-snippet":"max-snippet:-1","max-image-preview":"max-image-preview:large","max-video-preview":"max-video-preview:-1"},"canonical":"https:\/\/www.andrae.org\/podcast\/2011\/10\/03\/43-abrechnung-mit-bruchrechnung\/","og_locale":"en_US","og_type":"article","og_title":"#43 - Abrechnung mit Bruchrechnung - Monis Motivklingel","og_description":"Die heutige Folge macht den Anfang bzw. die Einleitung f\u00fcr die ein oder andere Episode zum Thema Komposition. Es geht um die Frage \"Was ist eigentlich Komposition?\" bzw. \"Was geh\u00f6rt eigentlich alles dazu?\" und die Frage, ob man dazu eigentlich Regeln aufstellen kann, sollte oder darf.  Anregung bzw. Inhalt f\u00fcr diese Folge lieferte rege H\u00f6rerbeteiligung auf Google+. H\u00f6rer gestalten Podcasts sozusagen. ;-) Read More","og_url":"https:\/\/www.andrae.org\/podcast\/2011\/10\/03\/43-abrechnung-mit-bruchrechnung\/","og_site_name":"Monis Motivklingel","article_published_time":"2011-10-03T15:49:38+00:00","article_modified_time":"2011-11-09T22:09:44+00:00","og_image":[{"url":"http:\/\/farm7.static.flickr.com\/6143\/5930989499_f1c00d14e2.jpg","type":"","width":"","height":""}],"author":"Moni","twitter_card":"summary_large_image","twitter_creator":"@nahlinse","twitter_site":"@nahlinse","twitter_misc":{"Written by":"Moni","Est. reading time":"1 minute"},"schema":{"@context":"https:\/\/schema.org","@graph":[{"@type":"WebPage","@id":"https:\/\/www.andrae.org\/podcast\/2011\/10\/03\/43-abrechnung-mit-bruchrechnung\/","url":"https:\/\/www.andrae.org\/podcast\/2011\/10\/03\/43-abrechnung-mit-bruchrechnung\/","name":"#43 - Abrechnung mit Bruchrechnung - Monis Motivklingel","isPartOf":{"@id":"https:\/\/www.andrae.org\/podcast\/#website"},"primaryImageOfPage":{"@id":"https:\/\/www.andrae.org\/podcast\/2011\/10\/03\/43-abrechnung-mit-bruchrechnung\/#primaryimage"},"image":{"@id":"https:\/\/www.andrae.org\/podcast\/2011\/10\/03\/43-abrechnung-mit-bruchrechnung\/#primaryimage"},"thumbnailUrl":"http:\/\/farm7.static.flickr.com\/6143\/5930989499_f1c00d14e2.jpg","datePublished":"2011-10-03T15:49:38+00:00","dateModified":"2011-11-09T22:09:44+00:00","author":{"@id":"https:\/\/www.andrae.org\/podcast\/#\/schema\/person\/7f3d1bb5258c637634c17a630fc6e32a"},"breadcrumb":{"@id":"https:\/\/www.andrae.org\/podcast\/2011\/10\/03\/43-abrechnung-mit-bruchrechnung\/#breadcrumb"},"inLanguage":"en-US","potentialAction":[{"@type":"ReadAction","target":["https:\/\/www.andrae.org\/podcast\/2011\/10\/03\/43-abrechnung-mit-bruchrechnung\/"]}]},{"@type":"ImageObject","inLanguage":"en-US","@id":"https:\/\/www.andrae.org\/podcast\/2011\/10\/03\/43-abrechnung-mit-bruchrechnung\/#primaryimage","url":"http:\/\/farm7.static.flickr.com\/6143\/5930989499_f1c00d14e2.jpg","contentUrl":"http:\/\/farm7.static.flickr.com\/6143\/5930989499_f1c00d14e2.jpg"},{"@type":"BreadcrumbList","@id":"https:\/\/www.andrae.org\/podcast\/2011\/10\/03\/43-abrechnung-mit-bruchrechnung\/#breadcrumb","itemListElement":[{"@type":"ListItem","position":1,"name":"Home","item":"https:\/\/www.andrae.org\/podcast\/"},{"@type":"ListItem","position":2,"name":"#43 &#8211; Abrechnung mit Bruchrechnung"}]},{"@type":"WebSite","@id":"https:\/\/www.andrae.org\/podcast\/#website","url":"https:\/\/www.andrae.org\/podcast\/","name":"Monis Motivklingel","description":"Im Wesentlichen Fotografie","potentialAction":[{"@type":"SearchAction","target":{"@type":"EntryPoint","urlTemplate":"https:\/\/www.andrae.org\/podcast\/?s={search_term_string}"},"query-input":{"@type":"PropertyValueSpecification","valueRequired":true,"valueName":"search_term_string"}}],"inLanguage":"en-US"},{"@type":"Person","@id":"https:\/\/www.andrae.org\/podcast\/#\/schema\/person\/7f3d1bb5258c637634c17a630fc6e32a","name":"Moni","image":{"@type":"ImageObject","inLanguage":"en-US","@id":"https:\/\/www.andrae.org\/podcast\/#\/schema\/person\/image\/","url":"https:\/\/secure.gravatar.com\/avatar\/36e111922c0b8122d3fd7b9202b76c6d?s=96&d=mm&r=g","contentUrl":"https:\/\/secure.gravatar.com\/avatar\/36e111922c0b8122d3fd7b9202b76c6d?s=96&d=mm&r=g","caption":"Moni"},"sameAs":["http:\/\/"],"url":"https:\/\/www.andrae.org\/podcast\/author\/moni\/"}]}},"_links":{"self":[{"href":"https:\/\/www.andrae.org\/podcast\/wp-json\/wp\/v2\/posts\/1004","targetHints":{"allow":["GET"]}}],"collection":[{"href":"https:\/\/www.andrae.org\/podcast\/wp-json\/wp\/v2\/posts"}],"about":[{"href":"https:\/\/www.andrae.org\/podcast\/wp-json\/wp\/v2\/types\/post"}],"author":[{"embeddable":true,"href":"https:\/\/www.andrae.org\/podcast\/wp-json\/wp\/v2\/users\/2"}],"replies":[{"embeddable":true,"href":"https:\/\/www.andrae.org\/podcast\/wp-json\/wp\/v2\/comments?post=1004"}],"version-history":[{"count":8,"href":"https:\/\/www.andrae.org\/podcast\/wp-json\/wp\/v2\/posts\/1004\/revisions"}],"predecessor-version":[{"id":1009,"href":"https:\/\/www.andrae.org\/podcast\/wp-json\/wp\/v2\/posts\/1004\/revisions\/1009"}],"wp:attachment":[{"href":"https:\/\/www.andrae.org\/podcast\/wp-json\/wp\/v2\/media?parent=1004"}],"wp:term":[{"taxonomy":"category","embeddable":true,"href":"https:\/\/www.andrae.org\/podcast\/wp-json\/wp\/v2\/categories?post=1004"},{"taxonomy":"post_tag","embeddable":true,"href":"https:\/\/www.andrae.org\/podcast\/wp-json\/wp\/v2\/tags?post=1004"}],"curies":[{"name":"wp","href":"https:\/\/api.w.org\/{rel}","templated":true}]}}