{"id":785,"date":"2011-07-24T12:41:06","date_gmt":"2011-07-24T11:41:06","guid":{"rendered":"http:\/\/www.andrae.org\/blog\/?p=785"},"modified":"2011-09-11T20:09:22","modified_gmt":"2011-09-11T19:09:22","slug":"lehr-und-wandertag","status":"publish","type":"post","link":"https:\/\/www.andrae.org\/blog\/2011\/07\/lehr-und-wandertag\/","title":{"rendered":"Lehr- und Wandertag"},"content":{"rendered":"<p>Gestern war ein Samstag ganz nach meinem Geschmack. Die Luft war k\u00fchl (ich bin ja kein 30\u00b0-Hitze-Sommer-Mensch), die Sonne lugte immer mal wieder durch gewaltige Wolkenhaufen UND ich konnte zum ersten Mal meine neue Gro\u00dfformat-Kamera ausf\u00fchren.<\/p>\n<p>Chris hat sie mir w\u00e4hrend einer Autofahrt vor zwei Wochen in den Scho\u00df gelegt &#8230; &#8220;da pack aus&#8221; &#8230; und ich musste noch w\u00e4hrend der Fahrt alle Kn\u00f6pfe, Klappen, Schieber und R\u00e4dchen befingern &#8211; eher hat er nicht lockergelassen. Hach &#8230;<\/p>\n<p>&#8220;Sie&#8221; ist eine Graflex Crown Graphic &#8211; Baujahr irgendwas zwischen 1950 und 1953, mit einem 135mm Zeiss Ikon Tessar F\/3.5 (unverg\u00fctet, w\u00fcrde ich mal stark vermuten). Der Compur-Verschluss hakelt bei 1s, aber die anderen Zeiten scheinen einigerma\u00dfen zu passen.<\/p>\n<p>Damit w\u00e4re ich jetzt &#8211; zumindest was die Ausr\u00fcstung betrifft &#8211; gro\u00dfformat-tauglich. An dem Rest will und muss ich noch arbeiten.<\/p>\n<p><strong>Die Vorbereitungen &#8230;<\/strong><\/p>\n<p>Der Tag gestern war also voll mit Lern- und Oho-Erlebnissen. Filmspulen und Tageslichttanks f\u00fcr Kleinbild-und Mittelformat-Film treiben mir beim Hantieren im Dunkelsack keinen Schwei\u00df mehr auf die Stirn. Aber an 4&#215;5&#8221; Filmkassetten und die dazugeh\u00f6rigen Schachteln\/T\u00fcten\/Umschl\u00e4ge mit Planfilm muss ich mich noch gew\u00f6hnen. Gott sei Dank hat mich mein Schatz auf die diversen T\u00fctchen, Trennbl\u00e4tchen und Tesafilmstreifen, die mir im Dunkeln begegnen w\u00fcrden, vorbereitet. Zumindest habe ich es geschafft, alle Kassetten fehlerfrei zu bef\u00fcllen (Ich musste ja auch gleich drei verschiedene Sorten Film probieren. Alles andere w\u00e4re ja zu simpel gewesen. *g*). Bei der Menge an <a href=\"http:\/\/www.largeformatphotography.info\/mistakes.html\" target=\"_blank\">Dingen, die man in der Gro\u00dfformat-Fotografie falsch machen kann<\/a>, wollte ich nicht gleich ganz vorne anfangen. Es bleiben noch genug potentielle Patzer \u00fcbrig &#8211; und einige konnte ich tats\u00e4chlich nicht auslassen. (Wo ist das Fettn\u00e4pfchen? Kooommmmm, puttputputt &#8230;.)<\/p>\n<p><strong>Und los!<\/strong><\/p>\n<p>Wir sind mit unseren Kameras im Gep\u00e4ck Richtung Bebenhausen bei T\u00fcbingen aufgebrochen &#8230; eine <a href=\"http:\/\/www.kloster-bebenhausen.de\/de\/bebenhausen\/Kloster\/236926.html\" target=\"_blank\">alte Klosteranlage<\/a> und mittelalterliches Ambiente drum rum m\u00fcssten genug Motive f\u00fcr sechs Bl\u00e4tter Planfilm liefern, oder?<\/p>\n<p>War dann auch so, die Ecke ist so malerisch, dass uns auch gleich das erste Hochzeitspaar samt zugeh\u00f6riger Fotografin \u00fcber den Weg lief. Wir haben uns dann in die stilleren Ecken zur\u00fcckgezogen, um nicht im Weg zu stehen und die Idylle zu verderben.<\/p>\n<p>Mich hat die Art, mit einer so alten Technik zu arbeiten, gleich gefangen. Es ist das eine, so etwas im Studio im Trockenlauf zu proben. Wenn man dann vor seinem Motiv steht und dann die einzelnen Schritte durchexerziert, wechseln sich Ruhe und Aufregung ab. Ruhe, w\u00e4hrend man die Kamera aus- und einrichtet, das Bild komponiert, scharfstellt (und das mit der Lupe noch mal nachpr\u00fcft), dann die Arbeitsblende schlie\u00dft und vorsichtig die Filmkassette einlegt (niiicht an der Kamera wackeln).<\/p>\n<p>Kribbelig wird es f\u00fcr mich, wenn ich die Belichtung messe, Blende und Verschlusszeit einstelle und den Verschluss spanne. Wird das Licht so bleiben bis ich den Schieber aus der Kassette gezogen habe und endlich ausl\u00f6se? Mogelt sich doch noch fix eine Wolke dazwischen? L\u00e4uft mir jemand ins Bild?<\/p>\n<p><strong>Alles neu, oder?<\/strong><\/p>\n<p>Jeden dieser Schritte einzeln selbst durchf\u00fchren zu m\u00fcssen, ist neu f\u00fcr mich. Ich musste mir bisher keine Gedanken \u00fcber einen Verschluss oder das \u00d6ffnen\/Schlie\u00dfen einer Arbeitsblende machen.<br \/>\nEine halbwegs moderne Kleinbildkamera, ob analog oder digital, nimmt einem das ab. Auch die meisten Mittelformat-Systeme nehmen einen dabei an der Hand. Jetzt arbeite ich mich pl\u00f6tzlich durch eine lange mentale Checkliste (weil mein Notizbuch zuhause liegt) und bin froh, dass ich mir gerade zumindest keine Gedanken \u00fcber Verl\u00e4ngerungsfaktoren f\u00fcr meine Belichtung machen muss.<\/p>\n<p>Es muss einem nicht gefallen, so verlangsamt zu werden. Mir macht es aber Spa\u00df. Weil ich pl\u00f6tzlich wieder etwas \u00fcber Fotografie be-greife, das mir h\u00f6chstens intuitiv bewusst war. Jetzt pflanzen sich viele Grundlagen zum ersten mal sehr deutlich in mein Ged\u00e4chtnis. Ich glaube ja fest daran, dass das nicht ganz sinnlos sein kann.<\/p>\n<p><strong>Dumm gelaufen<\/strong><\/p>\n<p>Falsch gemacht habe trotzdem eine Menge. \u00a0War ja nicht anders zu erwarten.<br \/>\nWeil der Verschluss bei der Zeit von 1 Sekunde hakt, meinte Chris vorab &#8220;Du kannst ja mehrere Belichtungen stapeln, das sollte kein Problem sein &#8211; ich mache das h\u00e4ufiger&#8221;. Hmm &#8230; prinzipiell klingt das nach einer pfiffigen Idee, besonders, wenn man unbedingt bei Blende 11 arbeiten will, um das alte Objektiv bestm\u00f6glich auszunutzen. Leider war es fast unm\u00f6glich, den Verschluss zwischen den Belichtungen so nachzuspannen, dass sich Frontplatte und damit Balgen NICHT bewegen. Richtig nachgedacht habe ich dar\u00fcber leider erst beim Betrachten der Negative. Ich hatte zwei sch\u00f6ne und grafisch interessante Motive und war stolz wie Bolle, weil die Belichtung so prima passte.<\/p>\n<p>Leider wird einem beim Betrachten schwindelig, weil haarscharf neben dem ersten Bild noch ein zweites liegt. Minimal verschoben. Ts &#8230; demn\u00e4chst also doch lieber die Blende weiter \u00f6ffnen, statt Belichtungen auf einander zu schichten.<br \/>\n(wir haben dann sp\u00e4ter festgestellt, dass sich das Problem &#8211; wenn auch in geringerem Ma\u00dfe &#8211; auch bei Chris \u00a0Chamonix zeigt, die zwar deutlich moderner und pr\u00e4ziser gebaut ist, aber das Nachspannen auch nicht unbeeindruckt \u00fcber sich ergehen l\u00e4sst)<\/p>\n<p>Hier mal ein Beispiel &#8211; komplett und im Detail (Klick macht gro\u00df)<\/p>\nngg_shortcode_0_placeholder\nngg_shortcode_1_placeholder\n<p>Was man an dem Bild auch noch sehen kann (weil ich es nicht komplett heraus gecroppt habe): ich habe vor der Belichtung den Schieber der Kassette wieder ein kleines St\u00fcckchen hineingeschoben, um ihn dort zu parken &#8211; meine bessere Hilfe macht das immer so. Leider hat Chris wohl das bessere H\u00e4ndchen daf\u00fcr, wie weit man den Schieber reinstupsen kann, ohne dass der das Bild beschneidet. Ich habe das H\u00e4ndchen nicht. Deshalb kommen die Schieber demn\u00e4chst irgendwo hin &#8211; nur nicht mehr in die ersten zwei Millimeter der Filmkassette<\/p>\n<p>Es ist nun aber nicht so, dass alles in die Hose gegangen w\u00e4re. Die sch\u00f6nsten Motive hatte ich zwar schwindelig (weil doppelt) belichtet, ich konnte nicht verhindern, dass von einer anderen Ecke aus auch ein &#8211; zumindest technisch &#8211; brauchbares Bild heraus kam.\u00a0(Klick macht gro\u00df)<\/p>\nngg_shortcode_2_placeholder\nngg_shortcode_3_placeholder\n<p>Nachdem ich jetzt erste Gro\u00dfformat-Luft geschnuppert habe, will ich unbedingt mehr! Mehr Bilder, mehr Ausfl\u00fcge, mehr riesige Negative &#8230; und mich dabei langsam durch die komplette Liste der Fehlerm\u00f6glichkeiten arbeiten. Wenn ich es schaffe keine Fehler zweimal zu machen, sollte ich dann irgendwann auch mal durch sein.<\/p>\n<p>&nbsp;<\/p>\n<div class=\"shariff\" data-title=\"Lehr- und Wandertag\" data-info-url=\"http:\/\/ct.de\/-2467514\" data-backend-url=\"https:\/\/www.andrae.org\/blog\/wp-content\/plugins\/shariff-sharing\/backend\/index.php\" data-temp=\"\/tmp\" data-ttl=\"60\" data-service=\"gftp\" data-services='[\"googleplus\",\"facebook\",\"twitter\",\"pinterest\",\"mail\",\"info\"]' data-image=\"\" data-url=\"https:\/\/www.andrae.org\/blog\/2011\/07\/lehr-und-wandertag\/\" data-lang=\"en\" data-theme=\"grey\" data-orientation=\"horizontal\"><\/div><div class=\"shariff shariff-align-flex-start shariff-widget-align-flex-start\"><ul class=\"shariff-buttons theme-white orientation-horizontal buttonsize-small\"><li class=\"shariff-button twitter shariff-nocustomcolor\" style=\"background-color:#595959\"><a href=\"https:\/\/twitter.com\/share?url=https%3A%2F%2Fwww.andrae.org%2Fblog%2F2011%2F07%2Flehr-und-wandertag%2F&text=Lehr-%20und%20Wandertag\" title=\"Bei X teilen\" aria-label=\"Bei X teilen\" role=\"button\" rel=\"noopener nofollow\" class=\"shariff-link\" style=\"; background-color:#000; color:#000\" target=\"_blank\"><span class=\"shariff-icon\" style=\"fill:#000\"><svg width=\"32px\" height=\"20px\" xmlns=\"http:\/\/www.w3.org\/2000\/svg\" viewBox=\"0 0 24 24\"><path fill=\"#000\" d=\"M14.258 10.152L23.176 0h-2.113l-7.747 8.813L7.133 0H0l9.352 13.328L0 23.973h2.113l8.176-9.309 6.531 9.309h7.133zm-2.895 3.293l-.949-1.328L2.875 1.56h3.246l6.086 8.523.945 1.328 7.91 11.078h-3.246zm0 0\"\/><\/svg><\/span><span class=\"shariff-text\" style=\"color:#000\">teilen<\/span>&nbsp;<\/a><\/li><li class=\"shariff-button pinterest shariff-nocustomcolor\" style=\"background-color:#e70f18\"><a href=\"https:\/\/www.pinterest.com\/pin\/create\/link\/?url=https%3A%2F%2Fwww.andrae.org%2Fblog%2F2011%2F07%2Flehr-und-wandertag%2F&media=https%3A%2F%2Fwww.andrae.org%2Fblog%2Fwp-content%2Fplugins%2Fshariff%2Fimages%2FdefaultHint.png&description=Lehr-%20und%20Wandertag\" title=\"Bei Pinterest pinnen\" aria-label=\"Bei Pinterest pinnen\" role=\"button\" rel=\"noopener nofollow\" class=\"shariff-link\" style=\"; background-color:#cb2027; color:#cb2027\" target=\"_blank\"><span class=\"shariff-icon\" style=\"fill:#cb2027\"><svg width=\"32px\" height=\"20px\" xmlns=\"http:\/\/www.w3.org\/2000\/svg\" viewBox=\"0 0 27 32\"><path fill=\"#cb2027\" d=\"M27.4 16q0 3.7-1.8 6.9t-5 5-6.9 1.9q-2 0-3.9-0.6 1.1-1.7 1.4-2.9 0.2-0.6 1-3.8 0.4 0.7 1.3 1.2t2 0.5q2.1 0 3.8-1.2t2.7-3.4 0.9-4.8q0-2-1.1-3.8t-3.1-2.9-4.5-1.2q-1.9 0-3.5 0.5t-2.8 1.4-2 2-1.2 2.3-0.4 2.4q0 1.9 0.7 3.3t2.1 2q0.5 0.2 0.7-0.4 0-0.1 0.1-0.5t0.2-0.5q0.1-0.4-0.2-0.8-0.9-1.1-0.9-2.7 0-2.7 1.9-4.6t4.9-2q2.7 0 4.2 1.5t1.5 3.8q0 3-1.2 5.2t-3.1 2.1q-1.1 0-1.7-0.8t-0.4-1.9q0.1-0.6 0.5-1.7t0.5-1.8 0.2-1.4q0-0.9-0.5-1.5t-1.4-0.6q-1.1 0-1.9 1t-0.8 2.6q0 1.3 0.4 2.2l-1.8 7.5q-0.3 1.2-0.2 3.2-3.7-1.6-6-5t-2.3-7.6q0-3.7 1.9-6.9t5-5 6.9-1.9 6.9 1.9 5 5 1.8 6.9z\"\/><\/svg><\/span><span class=\"shariff-text\" style=\"color:#cb2027\">merken<\/span>&nbsp;<\/a><\/li><li class=\"shariff-button facebook shariff-nocustomcolor\" style=\"background-color:#4273c8\"><a href=\"https:\/\/www.facebook.com\/sharer\/sharer.php?u=https%3A%2F%2Fwww.andrae.org%2Fblog%2F2011%2F07%2Flehr-und-wandertag%2F\" title=\"Bei Facebook teilen\" aria-label=\"Bei Facebook teilen\" role=\"button\" rel=\"nofollow\" class=\"shariff-link\" style=\"; background-color:#3b5998; color:#3b5998\" target=\"_blank\"><span class=\"shariff-icon\" style=\"fill:#3b5998\"><svg width=\"32px\" height=\"20px\" xmlns=\"http:\/\/www.w3.org\/2000\/svg\" viewBox=\"0 0 18 32\"><path fill=\"#3b5998\" d=\"M17.1 0.2v4.7h-2.8q-1.5 0-2.1 0.6t-0.5 1.9v3.4h5.2l-0.7 5.3h-4.5v13.6h-5.5v-13.6h-4.5v-5.3h4.5v-3.9q0-3.3 1.9-5.2t5-1.8q2.6 0 4.1 0.2z\"\/><\/svg><\/span><span class=\"shariff-text\" style=\"color:#3b5998\">teilen<\/span>&nbsp;<\/a><\/li><li class=\"shariff-button mailto shariff-nocustomcolor\" style=\"background-color:#a8a8a8\"><a href=\"mailto:?body=https%3A%2F%2Fwww.andrae.org%2Fblog%2F2011%2F07%2Flehr-und-wandertag%2F&subject=Lehr-%20und%20Wandertag\" title=\"Per E-Mail versenden\" aria-label=\"Per E-Mail versenden\" role=\"button\" rel=\"noopener nofollow\" class=\"shariff-link\" style=\"; background-color:#999; color:#999\"><span class=\"shariff-icon\" style=\"fill:#999\"><svg width=\"32px\" height=\"20px\" xmlns=\"http:\/\/www.w3.org\/2000\/svg\" viewBox=\"0 0 32 32\"><path fill=\"#999\" d=\"M32 12.7v14.2q0 1.2-0.8 2t-2 0.9h-26.3q-1.2 0-2-0.9t-0.8-2v-14.2q0.8 0.9 1.8 1.6 6.5 4.4 8.9 6.1 1 0.8 1.6 1.2t1.7 0.9 2 0.4h0.1q0.9 0 2-0.4t1.7-0.9 1.6-1.2q3-2.2 8.9-6.1 1-0.7 1.8-1.6zM32 7.4q0 1.4-0.9 2.7t-2.2 2.2q-6.7 4.7-8.4 5.8-0.2 0.1-0.7 0.5t-1 0.7-0.9 0.6-1.1 0.5-0.9 0.2h-0.1q-0.4 0-0.9-0.2t-1.1-0.5-0.9-0.6-1-0.7-0.7-0.5q-1.6-1.1-4.7-3.2t-3.6-2.6q-1.1-0.7-2.1-2t-1-2.5q0-1.4 0.7-2.3t2.1-0.9h26.3q1.2 0 2 0.8t0.9 2z\"\/><\/svg><\/span><span class=\"shariff-text\" style=\"color:#999\">E-Mail<\/span>&nbsp;<\/a><\/li><\/ul><\/div>","protected":false},"excerpt":{"rendered":"<p>Gestern war ein Samstag ganz nach meinem Geschmack. Die Luft war k\u00fchl (ich bin ja kein 30\u00b0-Hitze-Sommer-Mensch), die Sonne lugte immer mal wieder durch gewaltige Wolkenhaufen UND ich konnte zum ersten Mal meine neue Gro\u00dfformat-Kamera ausf\u00fchren.<\/p>\n<p>Chris hat sie mir w\u00e4hrend einer Autofahrt vor zwei Wochen in den Scho\u00df gelegt &#8230; &#8220;da pack aus&#8221; &#8230; und ich musste noch w\u00e4hrend der Fahrt alle Kn\u00f6pfe, Klappen, Schieber und R\u00e4dchen befingern &#8211; eher hat er nicht lockergelassen. Hach &#8230;<\/p>\n","protected":false},"author":3,"featured_media":0,"comment_status":"open","ping_status":"open","sticky":false,"template":"","format":"standard","meta":{"ngg_post_thumbnail":0,"footnotes":""},"categories":[4],"tags":[71,196,197,140,116,54],"class_list":["post-785","post","type-post","status-publish","format-standard","hentry","category-foto","tag-absolut-analog","tag-analog","tag-film","tag-grosformat","tag-mixtour","tag-spursinn"],"_links":{"self":[{"href":"https:\/\/www.andrae.org\/blog\/wp-json\/wp\/v2\/posts\/785","targetHints":{"allow":["GET"]}}],"collection":[{"href":"https:\/\/www.andrae.org\/blog\/wp-json\/wp\/v2\/posts"}],"about":[{"href":"https:\/\/www.andrae.org\/blog\/wp-json\/wp\/v2\/types\/post"}],"author":[{"embeddable":true,"href":"https:\/\/www.andrae.org\/blog\/wp-json\/wp\/v2\/users\/3"}],"replies":[{"embeddable":true,"href":"https:\/\/www.andrae.org\/blog\/wp-json\/wp\/v2\/comments?post=785"}],"version-history":[{"count":20,"href":"https:\/\/www.andrae.org\/blog\/wp-json\/wp\/v2\/posts\/785\/revisions"}],"predecessor-version":[{"id":800,"href":"https:\/\/www.andrae.org\/blog\/wp-json\/wp\/v2\/posts\/785\/revisions\/800"}],"wp:attachment":[{"href":"https:\/\/www.andrae.org\/blog\/wp-json\/wp\/v2\/media?parent=785"}],"wp:term":[{"taxonomy":"category","embeddable":true,"href":"https:\/\/www.andrae.org\/blog\/wp-json\/wp\/v2\/categories?post=785"},{"taxonomy":"post_tag","embeddable":true,"href":"https:\/\/www.andrae.org\/blog\/wp-json\/wp\/v2\/tags?post=785"}],"curies":[{"name":"wp","href":"https:\/\/api.w.org\/{rel}","templated":true}]}}