{"id":549,"date":"2010-11-21T22:23:37","date_gmt":"2010-11-21T21:23:37","guid":{"rendered":"http:\/\/www.andrae.org\/blog\/?p=549"},"modified":"2010-11-21T22:26:40","modified_gmt":"2010-11-21T21:26:40","slug":"november-im-himmel-und-auf-erden","status":"publish","type":"post","link":"https:\/\/www.andrae.org\/blog\/2010\/11\/november-im-himmel-und-auf-erden\/","title":{"rendered":"November &#8211; wie im Himmel, so auf Erden"},"content":{"rendered":"<p>Verlassene Geb\u00e4ude, Ruinen und noch einiges anderes Unperfektes \u00fcben auf mich doch einen gro\u00dfen Reiz aus. Vom fotografischen Standpunkt betrachtet. Allerdings kann es vorkommen, dass mich w\u00e4hrend oder nach Ausfl\u00fcgen zu solch speziellen Sehensw\u00fcrdigkeiten, die Tristesse \u00fcberkommt &#8211; ja anf\u00e4llt. Je nach Wetterlage oder Jahreszeit muss ich die aufkommende tr\u00fcbe Stimmung anschlie\u00dfend mit einem Milchkaffee und ein bisschen Jazzmusik in kuscheliger Kneipenatmosph\u00e4re kompensieren. So auch gestern.<\/p>\n<p>Chris und ich waren auf dem Gel\u00e4nde der Expo 2000 in Hannover unterwegs. Hier stehen ehemals gl\u00e4nzende Expo-Pavillons halb ausgeweidet, teils mit Brandsch\u00e4den auf jeden Fall aber abgesperrt herum. Aus manchen steigen patroullierende Amtstr\u00e4ger aus anderen h\u00f6rt man Ger\u00e4usche von &#8220;Handwerkern&#8221;. \u00a0Sie bieten ein d\u00fcsteres Bild. Es sind Geb\u00e4ude die Trauer tragen.<\/p>\n<p>Hier ein paar Eindr\u00fccke, klick macht Bildergalerie zum Durchbl\u00e4ttern.<br \/>\n(Film Lucky SHD 100 NEW, nach\u00a0<a href=\"http:\/\/www.spuer-sinn.net\/blog1\/?p=1940#more-1940\" target=\"_blank\">diesem<\/a> Rezept gepusht auf ISO 800)<\/p>\nngg_shortcode_0_placeholder\n<div class=\"shariff\" data-title=\"November &#8211; wie im Himmel, so auf Erden\" data-info-url=\"http:\/\/ct.de\/-2467514\" data-backend-url=\"https:\/\/www.andrae.org\/blog\/wp-content\/plugins\/shariff-sharing\/backend\/index.php\" data-temp=\"\/tmp\" data-ttl=\"60\" data-service=\"gftp\" data-services='[\"googleplus\",\"facebook\",\"twitter\",\"pinterest\",\"mail\",\"info\"]' data-image=\"\" data-url=\"https:\/\/www.andrae.org\/blog\/2010\/11\/november-im-himmel-und-auf-erden\/\" data-lang=\"en\" data-theme=\"grey\" data-orientation=\"horizontal\"><\/div><div class=\"shariff shariff-align-flex-start shariff-widget-align-flex-start\"><ul class=\"shariff-buttons theme-white orientation-horizontal buttonsize-small\"><li class=\"shariff-button twitter shariff-nocustomcolor\" style=\"background-color:#595959\"><a href=\"https:\/\/twitter.com\/share?url=https%3A%2F%2Fwww.andrae.org%2Fblog%2F2010%2F11%2Fnovember-im-himmel-und-auf-erden%2F&text=November%20%E2%80%93%20wie%20im%20Himmel%2C%20so%20auf%20Erden\" title=\"Bei X teilen\" aria-label=\"Bei X teilen\" role=\"button\" rel=\"noopener nofollow\" class=\"shariff-link\" style=\"; background-color:#000; color:#000\" target=\"_blank\"><span class=\"shariff-icon\" style=\"fill:#000\"><svg width=\"32px\" height=\"20px\" xmlns=\"http:\/\/www.w3.org\/2000\/svg\" viewBox=\"0 0 24 24\"><path fill=\"#000\" d=\"M14.258 10.152L23.176 0h-2.113l-7.747 8.813L7.133 0H0l9.352 13.328L0 23.973h2.113l8.176-9.309 6.531 9.309h7.133zm-2.895 3.293l-.949-1.328L2.875 1.56h3.246l6.086 8.523.945 1.328 7.91 11.078h-3.246zm0 0\"\/><\/svg><\/span><span class=\"shariff-text\" style=\"color:#000\">teilen<\/span>&nbsp;<\/a><\/li><li class=\"shariff-button pinterest shariff-nocustomcolor\" style=\"background-color:#e70f18\"><a href=\"https:\/\/www.pinterest.com\/pin\/create\/link\/?url=https%3A%2F%2Fwww.andrae.org%2Fblog%2F2010%2F11%2Fnovember-im-himmel-und-auf-erden%2F&media=https%3A%2F%2Fwww.andrae.org%2Fblog%2Fwp-content%2Fplugins%2Fshariff%2Fimages%2FdefaultHint.png&description=November%20%E2%80%93%20wie%20im%20Himmel%2C%20so%20auf%20Erden\" title=\"Bei Pinterest pinnen\" aria-label=\"Bei Pinterest pinnen\" role=\"button\" rel=\"noopener nofollow\" class=\"shariff-link\" style=\"; background-color:#cb2027; color:#cb2027\" target=\"_blank\"><span class=\"shariff-icon\" style=\"fill:#cb2027\"><svg width=\"32px\" height=\"20px\" xmlns=\"http:\/\/www.w3.org\/2000\/svg\" viewBox=\"0 0 27 32\"><path fill=\"#cb2027\" d=\"M27.4 16q0 3.7-1.8 6.9t-5 5-6.9 1.9q-2 0-3.9-0.6 1.1-1.7 1.4-2.9 0.2-0.6 1-3.8 0.4 0.7 1.3 1.2t2 0.5q2.1 0 3.8-1.2t2.7-3.4 0.9-4.8q0-2-1.1-3.8t-3.1-2.9-4.5-1.2q-1.9 0-3.5 0.5t-2.8 1.4-2 2-1.2 2.3-0.4 2.4q0 1.9 0.7 3.3t2.1 2q0.5 0.2 0.7-0.4 0-0.1 0.1-0.5t0.2-0.5q0.1-0.4-0.2-0.8-0.9-1.1-0.9-2.7 0-2.7 1.9-4.6t4.9-2q2.7 0 4.2 1.5t1.5 3.8q0 3-1.2 5.2t-3.1 2.1q-1.1 0-1.7-0.8t-0.4-1.9q0.1-0.6 0.5-1.7t0.5-1.8 0.2-1.4q0-0.9-0.5-1.5t-1.4-0.6q-1.1 0-1.9 1t-0.8 2.6q0 1.3 0.4 2.2l-1.8 7.5q-0.3 1.2-0.2 3.2-3.7-1.6-6-5t-2.3-7.6q0-3.7 1.9-6.9t5-5 6.9-1.9 6.9 1.9 5 5 1.8 6.9z\"\/><\/svg><\/span><span class=\"shariff-text\" style=\"color:#cb2027\">merken<\/span>&nbsp;<\/a><\/li><li class=\"shariff-button facebook shariff-nocustomcolor\" style=\"background-color:#4273c8\"><a href=\"https:\/\/www.facebook.com\/sharer\/sharer.php?u=https%3A%2F%2Fwww.andrae.org%2Fblog%2F2010%2F11%2Fnovember-im-himmel-und-auf-erden%2F\" title=\"Bei Facebook teilen\" aria-label=\"Bei Facebook teilen\" role=\"button\" rel=\"nofollow\" class=\"shariff-link\" style=\"; background-color:#3b5998; color:#3b5998\" target=\"_blank\"><span class=\"shariff-icon\" style=\"fill:#3b5998\"><svg width=\"32px\" height=\"20px\" xmlns=\"http:\/\/www.w3.org\/2000\/svg\" viewBox=\"0 0 18 32\"><path fill=\"#3b5998\" d=\"M17.1 0.2v4.7h-2.8q-1.5 0-2.1 0.6t-0.5 1.9v3.4h5.2l-0.7 5.3h-4.5v13.6h-5.5v-13.6h-4.5v-5.3h4.5v-3.9q0-3.3 1.9-5.2t5-1.8q2.6 0 4.1 0.2z\"\/><\/svg><\/span><span class=\"shariff-text\" style=\"color:#3b5998\">teilen<\/span>&nbsp;<\/a><\/li><li class=\"shariff-button mailto shariff-nocustomcolor\" style=\"background-color:#a8a8a8\"><a href=\"mailto:?body=https%3A%2F%2Fwww.andrae.org%2Fblog%2F2010%2F11%2Fnovember-im-himmel-und-auf-erden%2F&subject=November%20%E2%80%93%20wie%20im%20Himmel%2C%20so%20auf%20Erden\" title=\"Per E-Mail versenden\" aria-label=\"Per E-Mail versenden\" role=\"button\" rel=\"noopener nofollow\" class=\"shariff-link\" style=\"; background-color:#999; color:#999\"><span class=\"shariff-icon\" style=\"fill:#999\"><svg width=\"32px\" height=\"20px\" xmlns=\"http:\/\/www.w3.org\/2000\/svg\" viewBox=\"0 0 32 32\"><path fill=\"#999\" d=\"M32 12.7v14.2q0 1.2-0.8 2t-2 0.9h-26.3q-1.2 0-2-0.9t-0.8-2v-14.2q0.8 0.9 1.8 1.6 6.5 4.4 8.9 6.1 1 0.8 1.6 1.2t1.7 0.9 2 0.4h0.1q0.9 0 2-0.4t1.7-0.9 1.6-1.2q3-2.2 8.9-6.1 1-0.7 1.8-1.6zM32 7.4q0 1.4-0.9 2.7t-2.2 2.2q-6.7 4.7-8.4 5.8-0.2 0.1-0.7 0.5t-1 0.7-0.9 0.6-1.1 0.5-0.9 0.2h-0.1q-0.4 0-0.9-0.2t-1.1-0.5-0.9-0.6-1-0.7-0.7-0.5q-1.6-1.1-4.7-3.2t-3.6-2.6q-1.1-0.7-2.1-2t-1-2.5q0-1.4 0.7-2.3t2.1-0.9h26.3q1.2 0 2 0.8t0.9 2z\"\/><\/svg><\/span><span class=\"shariff-text\" style=\"color:#999\">E-Mail<\/span>&nbsp;<\/a><\/li><\/ul><\/div>","protected":false},"excerpt":{"rendered":"<p>Verlassene Geb\u00e4ude, Ruinen und noch einiges anderes Unperfektes \u00fcben auf mich doch einen gro\u00dfen Reiz aus. Vom fotografischen Standpunkt betrachtet. Allerdings kann es vorkommen, dass mich w\u00e4hrend oder nach Ausfl\u00fcgen zu solch speziellen Sehensw\u00fcrdigkeiten, die Tristesse \u00fcberkommt &#8211; ja anf\u00e4llt. Je nach Wetterlage oder Jahreszeit muss ich die aufkommende tr\u00fcbe Stimmung anschlie\u00dfend mit einem Milchkaffee [&hellip;]<\/p>\n","protected":false},"author":3,"featured_media":0,"comment_status":"open","ping_status":"open","sticky":false,"template":"","format":"standard","meta":{"ngg_post_thumbnail":0,"footnotes":""},"categories":[4],"tags":[196,85,77,201,86],"class_list":["post-549","post","type-post","status-publish","format-standard","hentry","category-foto","tag-analog","tag-expo-2","tag-hannover","tag-lucky","tag-urbex"],"_links":{"self":[{"href":"https:\/\/www.andrae.org\/blog\/wp-json\/wp\/v2\/posts\/549","targetHints":{"allow":["GET"]}}],"collection":[{"href":"https:\/\/www.andrae.org\/blog\/wp-json\/wp\/v2\/posts"}],"about":[{"href":"https:\/\/www.andrae.org\/blog\/wp-json\/wp\/v2\/types\/post"}],"author":[{"embeddable":true,"href":"https:\/\/www.andrae.org\/blog\/wp-json\/wp\/v2\/users\/3"}],"replies":[{"embeddable":true,"href":"https:\/\/www.andrae.org\/blog\/wp-json\/wp\/v2\/comments?post=549"}],"version-history":[{"count":9,"href":"https:\/\/www.andrae.org\/blog\/wp-json\/wp\/v2\/posts\/549\/revisions"}],"predecessor-version":[{"id":556,"href":"https:\/\/www.andrae.org\/blog\/wp-json\/wp\/v2\/posts\/549\/revisions\/556"}],"wp:attachment":[{"href":"https:\/\/www.andrae.org\/blog\/wp-json\/wp\/v2\/media?parent=549"}],"wp:term":[{"taxonomy":"category","embeddable":true,"href":"https:\/\/www.andrae.org\/blog\/wp-json\/wp\/v2\/categories?post=549"},{"taxonomy":"post_tag","embeddable":true,"href":"https:\/\/www.andrae.org\/blog\/wp-json\/wp\/v2\/tags?post=549"}],"curies":[{"name":"wp","href":"https:\/\/api.w.org\/{rel}","templated":true}]}}