{"id":898,"date":"2013-01-09T22:22:06","date_gmt":"2013-01-09T21:22:06","guid":{"rendered":"http:\/\/www.andrae.org\/blog\/?p=898"},"modified":"2018-11-24T14:56:01","modified_gmt":"2018-11-24T13:56:01","slug":"meine-januar-vorsatze-wer-hat-noch-nicht-wer-will-noch-mal","status":"publish","type":"post","link":"http:\/\/www.andrae.org\/blog\/2013\/01\/meine-januar-vorsatze-wer-hat-noch-nicht-wer-will-noch-mal\/","title":{"rendered":"Meine Januar-Vors\u00e4tze, wer hat noch nicht, wer will noch mal?"},"content":{"rendered":"<p>Zu Silvester war ich krank, zu Neujahr rekonvaleszent &#8211; eine gute Ausrede, keine guten Vors\u00e4tze zu fassen (und mich am Ende auch noch daran halten zu m\u00fcssen). Trotz des ein oder anderen Zipperleins, hatte ich mehr Zeit als gew\u00f6hnlich, mich mal wieder in mein Lieblingshobby zu vertiefen und fleissig in entsprechende Lekt\u00fcre abzutauchen. Doch wie es immer bei mir ist: ein Motivations-Hoch wird direkt gefolgt von einem Perfektionismus-Tief. Frustriertes Murmeln steigert sich in lauteres Fluchen. Ich kann es mir einfach nie recht machen.<\/p>\n<p>Genau betrachtet wundert es mich nicht, schlie\u00dflich widme ich dem Ganzen viel zu wenig Aufmerksamkeit. Ich m\u00fcsste mehr \u00fcben und ausprobieren. Mehr fotografieren, mehr produzieren. [Innerer Schweinehund an @nahlinse: &#8220;Du hast doch eh keine Zeit&nbsp;dazu&#8221; , @nahlinse an inneren Schweinehund: &#8220;Schnauze!&#8221;].<\/p>\n<p>So trug es sich dann zu, dass sich beim vielen Bl\u00e4ttern, Surfen, Fotografieren und Panschen sowas wie Vors\u00e4tze herausbildeten. Wenige nur. Aber vielleicht halte ich mich ja an wenigstens einen davon.&nbsp;Mag jemand einen abhaben? Sie reichen f\u00fcr alle und nutzen sich nicht ab.<\/p>\n<h3>1. Lese Dein eigenes Foto-Magazin online<\/h3>\n<p>Statt stundenlang FaceBook oder (in meinem Fall) Twitter zu stalken, lohnt es sich, das Thema Fotografie anderweitig online zu vertiefen. Sicher, das kann man z.T. auch \u00fcber die sozialen Netzwerke tun &#8211; noch besser geht es aber, \u00fcber einen Artikel-Kurator wie z.B. <a title=\"zite\" href=\"http:\/\/www.zite.com\">zite<\/a>.<\/p>\n<p>Apps wie Zite stellen einem &#8211; aus verschiedensten Quellen &#8211; mehrmals t\u00e4glich Top-Artikel zu selbstgew\u00e4hlten Themen zusammen und liefert sie einem frei <del datetime=\"2013-01-09T21:17:30+00:00\">Haus<\/del> Smartphone. Gerade richtig f\u00fcr ein paar Minuten Lekt\u00fcre in Bus und Bahn, beim Fr\u00fchst\u00fcck oder auf dem Klo. Auf diese Art und Weise kann man sich sehr abwechslungsreich mit dem Thema Fotografie, Kunst, Kreativit\u00e4t befassen und bekommt regelm\u00e4\u00dfig einen Blick \u00fcber den eigenen Horizont geliefert.<\/p>\n<p><strong>Achtung:<\/strong> Themen nicht zu eng stecken, sonst besteht die Gefahr, dass man etwas verpasst. Es steckt viel Inspiration in den an Fotografie angrenzenden Disziplinen &#8211; besonders geeignet f\u00fcr Ideen jenseits ausgetretener Pfade.<\/p>\n<p>(F\u00fcr mich das Highlight: &nbsp;Nach einem anstrengenden Tag lese&nbsp;ich die Artikel am Liebsten in der Badewanne. Nach nur zehn Minuten Schm\u00f6kern ist der Ideenspeicher schon wieder ansehnlich gef\u00fcllt.)<\/p>\n<h3>2. Denke mehr \u00fcber Fotografie nach<\/h3>\n<p>Viele (Hobby-)Fotografen reden mehr \u00fcber Fotografie, als sie tats\u00e4chlich fotografieren. Statt die Kamera in die Hand zu nehmen und Licht zu suchen, kann man (und frau auch) stundenlang \u00fcber Technik philosophieren, Objektiv-Fehler diskutieren oder jammern, dass man a) kreativ-technisch gesehen ein Brett vor dem Kopf oder aber b) einfach keine Zeit zum Bilder machen hat.<\/p>\n<p><strong>Werde zum Multitasker:<\/strong> Die Zeit, die Du gedanklich mit Fotografie verbringst, w\u00e4hrend Du parallel z.B. \u201cniedere\u201d Arbeiten verrichtest &#8211; Bahnfahren, im Wartezimmer sitzen, B\u00fcgeln oder die Zwiebeln schneiden, zahlt auf die Bef\u00fcllung Deiner kreativen Werkzeugkiste ein.<\/p>\n<p>Denke \u00fcber Bilder nach, die Du in Ausstellungen\/B\u00fcchern bewundert hast, plane Motivideen und schie\u00dfe ab und zu Bilder \u201cim Kopf\u201d. All das bringt Dich schneller in den <del datetime=\"2013-01-09T21:17:30+00:00\">Arbeits<\/del>Spielmodus, wenn Du Deine Kamera zur Hand nimmst.<\/p>\n<h3>3. Nimm dann und wann eine Auszeit vom Smartphone<\/h3>\n<p>Statt die H\u00e4nde in jeder freien Minute Emails checken zu lassen, beobachte Deine Umwelt. Geschichten entstehen nicht aus dem Nichts, sondern aus Eindr\u00fccken, aufgeschnappten Gespr\u00e4chsfetzen, der Beobachtung schrulliger Charaktere. Aus Geschichten entstehen Konzepte. Aus Geschichten entstehen Bilder. Fotografieren hat was mit Sehen zu tun, oder? Also, \u00fcbe Sehen. Mit allen Sinnen.<\/p>\n<h3>4. Vergiss das Spielen nicht &#8211; fotografiere wie ein Kind<\/h3>\n<p>Wenn man einem Kind eine Kamera in die Hand dr\u00fcckt, wird es ohne viel nachzudenken ( oder um Erlaubnis zu fragen) losknipsen. Es hat keine Angst Fehler zu machen, es bittet nicht um Erlaubnis. Wenn es nicht weiter wei\u00df, fragt es, wie etwas funktioniert. Bilder sind g\u00fcnstig &#8211; nicht nur f\u00fcr Digitalfotografen, Fehler bekommst Du geschenkt.<\/p>\n<p>Mache h\u00e4ufiger absichtlich Fehler und freue Dich daran. Sie f\u00fchren zu unerwarteten Ergebnissen, sie sind kostenloses und doch kostbares Material an dem man dazulernen kann.<\/p>\n<h3>5. Sei Du selbst!<\/h3>\n<p>Es spannend Bilder von anderen zu studieren und herauszufinden, was diese gut, anders oder besonders macht. Es nichts falsch daran, von anderen zu lernen und ihnen nachzueifern zu wollen. Aber, was Deine eigenen Bilder betrifft, sei ehrlich! Fotografiere, was Deine Aufmerksamkeit weckt oder was Du liebst und verschwende keine Zeit darauf anderen zu gefallen (leichter gesagt als getan). Versuche nicht vorzugeben, jemand anderes zu sein &#8211; Deine Bilder werden Dich ohnehin verraten.<\/p>\n<div class=\"shariff\" data-title=\"Meine Januar-Vors\u00e4tze, wer hat noch nicht, wer will noch mal?\" data-info-url=\"http:\/\/ct.de\/-2467514\" data-backend-url=\"http:\/\/www.andrae.org\/blog\/wp-content\/plugins\/shariff-sharing\/backend\/index.php\" data-temp=\"\/tmp\" data-ttl=\"60\" data-service=\"gftp\" data-services='[\"googleplus\",\"facebook\",\"twitter\",\"pinterest\",\"mail\",\"info\"]' data-image=\"\" data-url=\"http:\/\/www.andrae.org\/blog\/2013\/01\/meine-januar-vorsatze-wer-hat-noch-nicht-wer-will-noch-mal\/\" data-lang=\"en\" data-theme=\"grey\" data-orientation=\"horizontal\"><\/div><div class=\"shariff shariff-align-flex-start shariff-widget-align-flex-start\"><ul class=\"shariff-buttons theme-white orientation-horizontal buttonsize-small\"><li class=\"shariff-button twitter shariff-nocustomcolor\" style=\"background-color:#595959\"><a href=\"https:\/\/twitter.com\/share?url=http%3A%2F%2Fwww.andrae.org%2Fblog%2F2013%2F01%2Fmeine-januar-vorsatze-wer-hat-noch-nicht-wer-will-noch-mal%2F&text=Meine%20Januar-Vors%C3%A4tze%2C%20wer%20hat%20noch%20nicht%2C%20wer%20will%20noch%20mal%3F\" title=\"Bei X teilen\" aria-label=\"Bei X teilen\" role=\"button\" rel=\"noopener nofollow\" class=\"shariff-link\" style=\"; background-color:#000; color:#000\" target=\"_blank\"><span class=\"shariff-icon\" style=\"fill:#000\"><svg width=\"32px\" height=\"20px\" xmlns=\"http:\/\/www.w3.org\/2000\/svg\" viewBox=\"0 0 24 24\"><path fill=\"#000\" d=\"M14.258 10.152L23.176 0h-2.113l-7.747 8.813L7.133 0H0l9.352 13.328L0 23.973h2.113l8.176-9.309 6.531 9.309h7.133zm-2.895 3.293l-.949-1.328L2.875 1.56h3.246l6.086 8.523.945 1.328 7.91 11.078h-3.246zm0 0\"\/><\/svg><\/span><span class=\"shariff-text\" style=\"color:#000\">teilen<\/span>&nbsp;<\/a><\/li><li class=\"shariff-button pinterest shariff-nocustomcolor\" style=\"background-color:#e70f18\"><a href=\"https:\/\/www.pinterest.com\/pin\/create\/link\/?url=http%3A%2F%2Fwww.andrae.org%2Fblog%2F2013%2F01%2Fmeine-januar-vorsatze-wer-hat-noch-nicht-wer-will-noch-mal%2F&media=http%3A%2F%2Fwww.andrae.org%2Fblog%2Fwp-content%2Fuploads%2Fngg_featured%2F5441639189_f129a59465_b.jpg&description=Meine%20Januar-Vors%C3%A4tze%2C%20wer%20hat%20noch%20nicht%2C%20wer%20will%20noch%20mal%3F\" title=\"Bei Pinterest pinnen\" aria-label=\"Bei Pinterest pinnen\" role=\"button\" rel=\"noopener nofollow\" class=\"shariff-link\" style=\"; background-color:#cb2027; color:#cb2027\" target=\"_blank\"><span class=\"shariff-icon\" style=\"fill:#cb2027\"><svg width=\"32px\" height=\"20px\" xmlns=\"http:\/\/www.w3.org\/2000\/svg\" viewBox=\"0 0 27 32\"><path fill=\"#cb2027\" d=\"M27.4 16q0 3.7-1.8 6.9t-5 5-6.9 1.9q-2 0-3.9-0.6 1.1-1.7 1.4-2.9 0.2-0.6 1-3.8 0.4 0.7 1.3 1.2t2 0.5q2.1 0 3.8-1.2t2.7-3.4 0.9-4.8q0-2-1.1-3.8t-3.1-2.9-4.5-1.2q-1.9 0-3.5 0.5t-2.8 1.4-2 2-1.2 2.3-0.4 2.4q0 1.9 0.7 3.3t2.1 2q0.5 0.2 0.7-0.4 0-0.1 0.1-0.5t0.2-0.5q0.1-0.4-0.2-0.8-0.9-1.1-0.9-2.7 0-2.7 1.9-4.6t4.9-2q2.7 0 4.2 1.5t1.5 3.8q0 3-1.2 5.2t-3.1 2.1q-1.1 0-1.7-0.8t-0.4-1.9q0.1-0.6 0.5-1.7t0.5-1.8 0.2-1.4q0-0.9-0.5-1.5t-1.4-0.6q-1.1 0-1.9 1t-0.8 2.6q0 1.3 0.4 2.2l-1.8 7.5q-0.3 1.2-0.2 3.2-3.7-1.6-6-5t-2.3-7.6q0-3.7 1.9-6.9t5-5 6.9-1.9 6.9 1.9 5 5 1.8 6.9z\"\/><\/svg><\/span><span class=\"shariff-text\" style=\"color:#cb2027\">merken<\/span>&nbsp;<\/a><\/li><li class=\"shariff-button facebook shariff-nocustomcolor\" style=\"background-color:#4273c8\"><a href=\"https:\/\/www.facebook.com\/sharer\/sharer.php?u=http%3A%2F%2Fwww.andrae.org%2Fblog%2F2013%2F01%2Fmeine-januar-vorsatze-wer-hat-noch-nicht-wer-will-noch-mal%2F\" title=\"Bei Facebook teilen\" aria-label=\"Bei Facebook teilen\" role=\"button\" rel=\"nofollow\" class=\"shariff-link\" style=\"; background-color:#3b5998; color:#3b5998\" target=\"_blank\"><span class=\"shariff-icon\" style=\"fill:#3b5998\"><svg width=\"32px\" height=\"20px\" xmlns=\"http:\/\/www.w3.org\/2000\/svg\" viewBox=\"0 0 18 32\"><path fill=\"#3b5998\" d=\"M17.1 0.2v4.7h-2.8q-1.5 0-2.1 0.6t-0.5 1.9v3.4h5.2l-0.7 5.3h-4.5v13.6h-5.5v-13.6h-4.5v-5.3h4.5v-3.9q0-3.3 1.9-5.2t5-1.8q2.6 0 4.1 0.2z\"\/><\/svg><\/span><span class=\"shariff-text\" style=\"color:#3b5998\">teilen<\/span>&nbsp;<\/a><\/li><li class=\"shariff-button mailto shariff-nocustomcolor\" style=\"background-color:#a8a8a8\"><a href=\"mailto:?body=http%3A%2F%2Fwww.andrae.org%2Fblog%2F2013%2F01%2Fmeine-januar-vorsatze-wer-hat-noch-nicht-wer-will-noch-mal%2F&subject=Meine%20Januar-Vors%C3%A4tze%2C%20wer%20hat%20noch%20nicht%2C%20wer%20will%20noch%20mal%3F\" title=\"Per E-Mail versenden\" aria-label=\"Per E-Mail versenden\" role=\"button\" rel=\"noopener nofollow\" class=\"shariff-link\" style=\"; background-color:#999; color:#999\"><span class=\"shariff-icon\" style=\"fill:#999\"><svg width=\"32px\" height=\"20px\" xmlns=\"http:\/\/www.w3.org\/2000\/svg\" viewBox=\"0 0 32 32\"><path fill=\"#999\" d=\"M32 12.7v14.2q0 1.2-0.8 2t-2 0.9h-26.3q-1.2 0-2-0.9t-0.8-2v-14.2q0.8 0.9 1.8 1.6 6.5 4.4 8.9 6.1 1 0.8 1.6 1.2t1.7 0.9 2 0.4h0.1q0.9 0 2-0.4t1.7-0.9 1.6-1.2q3-2.2 8.9-6.1 1-0.7 1.8-1.6zM32 7.4q0 1.4-0.9 2.7t-2.2 2.2q-6.7 4.7-8.4 5.8-0.2 0.1-0.7 0.5t-1 0.7-0.9 0.6-1.1 0.5-0.9 0.2h-0.1q-0.4 0-0.9-0.2t-1.1-0.5-0.9-0.6-1-0.7-0.7-0.5q-1.6-1.1-4.7-3.2t-3.6-2.6q-1.1-0.7-2.1-2t-1-2.5q0-1.4 0.7-2.3t2.1-0.9h26.3q1.2 0 2 0.8t0.9 2z\"\/><\/svg><\/span><span class=\"shariff-text\" style=\"color:#999\">E-Mail<\/span>&nbsp;<\/a><\/li><\/ul><\/div>","protected":false},"excerpt":{"rendered":"<p>Zu Silvester war ich krank, zu Neujahr rekonvaleszent &#8211; eine gute Ausrede, keine guten Vors\u00e4tze zu fassen (und mich am Ende auch noch daran halten zu m\u00fcssen). Trotz des ein oder anderen Zipperleins, hatte ich mehr Zeit als gew\u00f6hnlich, mich mal wieder in mein Lieblingshobby zu vertiefen und fleissig in entsprechende Lekt\u00fcre abzutauchen. Doch wie [&hellip;]<\/p>\n","protected":false},"author":3,"featured_media":1165,"comment_status":"open","ping_status":"open","sticky":false,"template":"","format":"standard","meta":{"ngg_post_thumbnail":0,"footnotes":""},"categories":[1,9,4],"tags":[174,171,172,173,169,170],"class_list":["post-898","post","type-post","status-publish","format-standard","has-post-thumbnail","hentry","category-dies-und-das","category-erlebt","category-foto","tag-apps","tag-fotografieren","tag-lekture","tag-magazin","tag-schweinehund","tag-vorsatze"],"_links":{"self":[{"href":"http:\/\/www.andrae.org\/blog\/wp-json\/wp\/v2\/posts\/898","targetHints":{"allow":["GET"]}}],"collection":[{"href":"http:\/\/www.andrae.org\/blog\/wp-json\/wp\/v2\/posts"}],"about":[{"href":"http:\/\/www.andrae.org\/blog\/wp-json\/wp\/v2\/types\/post"}],"author":[{"embeddable":true,"href":"http:\/\/www.andrae.org\/blog\/wp-json\/wp\/v2\/users\/3"}],"replies":[{"embeddable":true,"href":"http:\/\/www.andrae.org\/blog\/wp-json\/wp\/v2\/comments?post=898"}],"version-history":[{"count":21,"href":"http:\/\/www.andrae.org\/blog\/wp-json\/wp\/v2\/posts\/898\/revisions"}],"predecessor-version":[{"id":1212,"href":"http:\/\/www.andrae.org\/blog\/wp-json\/wp\/v2\/posts\/898\/revisions\/1212"}],"wp:featuredmedia":[{"embeddable":true,"href":"http:\/\/www.andrae.org\/blog\/wp-json\/wp\/v2\/media\/1165"}],"wp:attachment":[{"href":"http:\/\/www.andrae.org\/blog\/wp-json\/wp\/v2\/media?parent=898"}],"wp:term":[{"taxonomy":"category","embeddable":true,"href":"http:\/\/www.andrae.org\/blog\/wp-json\/wp\/v2\/categories?post=898"},{"taxonomy":"post_tag","embeddable":true,"href":"http:\/\/www.andrae.org\/blog\/wp-json\/wp\/v2\/tags?post=898"}],"curies":[{"name":"wp","href":"https:\/\/api.w.org\/{rel}","templated":true}]}}