{"id":394,"date":"2009-07-05T15:39:39","date_gmt":"2009-07-05T14:39:39","guid":{"rendered":"http:\/\/www.andrae.org\/blog\/?p=394"},"modified":"2009-07-05T15:44:14","modified_gmt":"2009-07-05T14:44:14","slug":"5-fragen-an","status":"publish","type":"post","link":"http:\/\/www.andrae.org\/blog\/2009\/07\/5-fragen-an\/","title":{"rendered":"5 Fragen an &#8230;"},"content":{"rendered":"<h4>Moni.<\/h4>\n<p>Eigentlich hatte ich mir in einem fr\u00fcheren Bloggerleben einmal geschworen, keine St\u00f6ckchen mehr aufzuheben &#8211; aber bei so etwas seltenem wie einem Foto-St\u00f6ckchen konnte ich nicht widerstehen. <a href=\"http:\/\/www.thomas-stark.net\" target=\"_blank\">Thomas<\/a> hat mir diese 5 Fragen weitergereicht &#8211; es lohnt  sich auf jeden Fall auf seinem Blog auch einmal zu st\u00f6bern und <a href=\"http:\/\/thomas-stark.net\/blog\/230-5-fragen-an\u2026\/\" target=\"_blank\">seine Antworten auf diese Fragen<\/a> nachzulesen.<\/p>\n<h4><strong>1. Mit welcher Kamera w\u00fcrdest Du bis ans Ende Deiner Tage fotografieren?<\/strong><\/h4>\n<p>Bis ans Ende Deiner Tage &#8211; das klingt unheimlich lang und ich hoffe das ist es auch. Naja, also im Moment  nenne ich eine nun dreieinhalb Jahre alte Nikon D200 mein Eigen. Auch, wenn sie &#8211; in digitalen Ma\u00dfst\u00e4ben &#8211; echte Greisin ist, hat sich mich doch noch nie im Stich gelassen. An ihrem Funktionsumfang k\u00f6nnten sich einige der aktuellen Kameras ein St\u00fcckchen abschneiden, aber beim Dynamikumfang muss ich im Vergleich zu meiner <a title=\"Chris Marquardt\" href=\"http:\/\/www.chrismarquardt.com\" target=\"_blank\">besseren H\u00e4lfte<\/a> und seiner 5DMkII ein bis zwei Augen zudr\u00fccken. Ein paar mehr (gute) Megapixel h\u00e4tte ich auch gerne und so soll es bald eine Kamera mit Vollformatsensor werden. Im Moment warte ich sehns\u00fcchtig auf das Nachfolgemodell der D700 &#8211; die durch diverse Ger\u00fcchtek\u00fcchen geisternde D800.<\/p>\n<p>Aber &#8211; so eine digitale Kamera ist in meinen Augen nichts f\u00fcr &#8220;bis in alle Ewigkeit&#8221;. Das m\u00fcsste dann schon eine Filmkamera sein. Entweder eine sch\u00f6ne Mittelformatkamera oder ein Leica M Modell. Zu beidem fehlt mir zwar das notwendige Kleingeld &#8211; aber man wird ja mal tr\u00e4umen d\u00fcrfen.<\/p>\n<h4><strong> 2. Zeige uns Deine Lieblingsfotos und erkl\u00e4re, warum Du sie magst.<\/strong><\/h4>\n<p>Hmm. Hmmmmm. Schwierig. Ich habe nat\u00fcrlich ein paar All-Time-Fovourites unter meinen Bildern &#8211; aber auf die habe ich schon solange geschaut, dass ich sie hier eigentlich nicht zeigen m\u00f6chte. Ich habe eher in jedem Projekt, dass ich gerade abgeschlossen habe Lieblingsfotos. Weil ich auch meistens das Gef\u00fchl habe, in den neuen gr\u00f6\u00dferen Projekten wieder ein bisschen besser geworden zu sein, reihen sich diese Bilder dann auch immer gerne vorne ein in die &#8220;Lieblingsliste&#8221;. Im Moment sind meine Lieblingsbilder also welche, die ich vom Evererest Trek aus Nepal mitgebracht habe.<br \/>\n<span style=\"color: #808080;\">(Klick auf das Bild \u00f6ffnet gr\u00f6\u00dfere Version) <\/span><\/p>\n<h4><strong>old man<\/strong><\/h4>\nngg_shortcode_0_placeholder\n<p>Lange habe ich nur Unbelebtes fotografiert &#8211; grafische Motive, Schatten, Details. In der letzten Zeit schleichen sich immer mehr Personen in meine Bilder, wodurch sie f\u00fcr mich deutlich gewinnen. Trotzdem w\u00fcrde ich meine St\u00e4rke nicht gerade bei Portraits sehen &#8211; deshalb bin ich so stolz auf dieses Foto. Der alte Herr hat mich in einem Tempel in Pathan bei Kathmandu mit der Kamera herumlaufen sehen und mich gestikulierend gefragt, ob ich Lust habe, von ihm ein Bild zu machen. Er wollte kein Geld daf\u00fcr \u00a0&#8211; er wollte nur das Ergebnis auf dem Display sehen. Als ich es ihm zeigte, hat er gekichert .<\/p>\n<h4><strong>rikschaw?<\/strong><\/h4>\n<p><strong><\/strong>ngg_shortcode_1_placeholder<\/p>\n<p>Hier kommen beide Vorlieben zusammen. Ein starkes grafisches Moment einerseits durch die Vogelperspektive, den Anschnitt der Rikscha und die klaren Schatten und andererseits Lebendigkeit durch die Person im Bild. Ich mag die Farben, die Strukturen und die Verteilung von Licht und Schatten.<\/p>\n<h4><strong>temple nap<\/strong><\/h4>\n<p><strong><\/strong>ngg_shortcode_2_placeholder<\/p>\n<p>F\u00fchrende Linien, sch\u00f6ne Strukturen und ein stiller Moment. Selten genug in einer so quirligen Stadt wie Kathmandu.<\/p>\n<h4>heading to the monastry<\/h4>\nngg_shortcode_3_placeholder\n<p>Ein richtiger Streetshot, weitwinklig, mitten aus dem Leben und im wahrsten Sinne des Wortes ein &#8220;farbiges&#8221; Motiv. Hier stecken eine Menge Erinnerungen drin.<\/p>\n<h4>3. Welchen Tipp gibst du jemanden, der gerade anf\u00e4ngt zu fotografieren?<\/h4>\n<p>Wenige. Ich finde, man sollte als &#8220;Fotoneuling&#8221; erst mal eine Zeitlang herumprobieren und sich mit der Technik einerseits\u00a0und mit der eigenen Art zu sehen andererseits auseinandersetzen. Au\u00dferdem lernt jeder anders. \u00a0Ich glaube die einzigen Tipps w\u00e4ren:<\/p>\n<p><strong>Konzentriere Dich auf das Wesentliche <\/strong><br \/>\n&#8211; was ist das eigentliche Motiv Deines Bilds?<br \/>\n&#8211; was ist das, was Dich dazu gebracht hat, den Ausl\u00f6ser zu bet\u00e4tigen?<\/p>\n<p><strong>Weniger ist mehr<\/strong><br \/>\n&#8211; was kannst Du auf einem Bild noch weglassen, ohne das die Bildaussage den Bach runter geht?<\/p>\n<p><strong>Sehe Dir die Bilder andere Fotografen an<\/strong><br \/>\n&#8211; was gef\u00e4llt Dir daran? was nicht?<br \/>\n&#8211; und wieso?<\/p>\n<h4>4. W\u00e4hle aus \u201cK\u00e4tzchen, Baby, Sonnenuntergang oder Blumen\u201d<\/h4>\n<p>K\u00e4tzchen sind s\u00fc\u00df, aber genau wie Sonnenunterg\u00e4nge f\u00fcr mich zu klischee-behaftet. Vielleicht sollte ich mich eigentlich genau deshalb damit auseinandersetzen. Hmmm &#8230; Bei Blumen ist es eigentlich auch nicht viel besser, aber da habe ich wenigstens ansatzweise einen Draht zu. Babybilder sind h\u00fcbsch &#8211; aber Kinder reizen mich als Motiv erst dann richtig, wenn sie etwas \u00e4lter sind, dann, wenn sich ihre Pers\u00f6nlichkeit auch anderen als den eigenen Eltern deutlich zeigt.<\/p>\n<p>Ich logge also Blumen ein.<\/p>\n<p><a href=\"http:\/\/enlarger.myd3.com\/view\/213417864?bgcolor=101010\"><img loading=\"lazy\" decoding=\"async\" class=\"alignnone\" title=\"imortelle\" src=\"http:\/\/farm1.static.flickr.com\/94\/213417864_814968e647.jpg\" alt=\"\" width=\"500\" height=\"335\" \/><\/a><\/p>\n<h4>5. Wem sollten diese Fragen als n\u00e4chstes gestellt werden?<\/h4>\n<p>Ich reiche den Staffelstab weiter an <a title=\"Stefan Neuweger\" href=\"http:\/\/fotos.neuweger.com\/\" target=\"_blank\">Stefan Neuweger<\/a> &#8211; der ein bisschen regelm\u00e4\u00dfiger als ich \u00fcber Fotografie bloggt und an dem ich mir mal ein Beispiel nehmen sollte.<\/p>\n<div class=\"shariff\" data-title=\"5 Fragen an &#8230;\" data-info-url=\"http:\/\/ct.de\/-2467514\" data-backend-url=\"http:\/\/www.andrae.org\/blog\/wp-content\/plugins\/shariff-sharing\/backend\/index.php\" data-temp=\"\/tmp\" data-ttl=\"60\" data-service=\"gftp\" data-services='[\"googleplus\",\"facebook\",\"twitter\",\"pinterest\",\"mail\",\"info\"]' data-image=\"http:\/\/farm1.static.flickr.com\/94\/213417864_814968e647.jpg\" data-url=\"http:\/\/www.andrae.org\/blog\/2009\/07\/5-fragen-an\/\" data-lang=\"en\" data-theme=\"grey\" data-orientation=\"horizontal\"><\/div><div class=\"shariff shariff-align-flex-start shariff-widget-align-flex-start\"><ul class=\"shariff-buttons theme-white orientation-horizontal buttonsize-small\"><li class=\"shariff-button twitter shariff-nocustomcolor\" style=\"background-color:#595959\"><a href=\"https:\/\/twitter.com\/share?url=http%3A%2F%2Fwww.andrae.org%2Fblog%2F2009%2F07%2F5-fragen-an%2F&text=5%20Fragen%20an%20%E2%80%A6\" title=\"Bei X teilen\" aria-label=\"Bei X teilen\" role=\"button\" rel=\"noopener nofollow\" class=\"shariff-link\" style=\"; background-color:#000; color:#000\" target=\"_blank\"><span class=\"shariff-icon\" style=\"fill:#000\"><svg width=\"32px\" height=\"20px\" xmlns=\"http:\/\/www.w3.org\/2000\/svg\" viewBox=\"0 0 24 24\"><path fill=\"#000\" d=\"M14.258 10.152L23.176 0h-2.113l-7.747 8.813L7.133 0H0l9.352 13.328L0 23.973h2.113l8.176-9.309 6.531 9.309h7.133zm-2.895 3.293l-.949-1.328L2.875 1.56h3.246l6.086 8.523.945 1.328 7.91 11.078h-3.246zm0 0\"\/><\/svg><\/span><span class=\"shariff-text\" style=\"color:#000\">teilen<\/span>&nbsp;<\/a><\/li><li class=\"shariff-button pinterest shariff-nocustomcolor\" style=\"background-color:#e70f18\"><a href=\"https:\/\/www.pinterest.com\/pin\/create\/link\/?url=http%3A%2F%2Fwww.andrae.org%2Fblog%2F2009%2F07%2F5-fragen-an%2F&media=http%3A%2F%2Ffarm1.static.flickr.com%2F94%2F213417864_814968e647.jpg&description=5%20Fragen%20an%20%E2%80%A6\" title=\"Bei Pinterest pinnen\" aria-label=\"Bei Pinterest pinnen\" role=\"button\" rel=\"noopener nofollow\" class=\"shariff-link\" style=\"; background-color:#cb2027; color:#cb2027\" target=\"_blank\"><span class=\"shariff-icon\" style=\"fill:#cb2027\"><svg width=\"32px\" height=\"20px\" xmlns=\"http:\/\/www.w3.org\/2000\/svg\" viewBox=\"0 0 27 32\"><path fill=\"#cb2027\" d=\"M27.4 16q0 3.7-1.8 6.9t-5 5-6.9 1.9q-2 0-3.9-0.6 1.1-1.7 1.4-2.9 0.2-0.6 1-3.8 0.4 0.7 1.3 1.2t2 0.5q2.1 0 3.8-1.2t2.7-3.4 0.9-4.8q0-2-1.1-3.8t-3.1-2.9-4.5-1.2q-1.9 0-3.5 0.5t-2.8 1.4-2 2-1.2 2.3-0.4 2.4q0 1.9 0.7 3.3t2.1 2q0.5 0.2 0.7-0.4 0-0.1 0.1-0.5t0.2-0.5q0.1-0.4-0.2-0.8-0.9-1.1-0.9-2.7 0-2.7 1.9-4.6t4.9-2q2.7 0 4.2 1.5t1.5 3.8q0 3-1.2 5.2t-3.1 2.1q-1.1 0-1.7-0.8t-0.4-1.9q0.1-0.6 0.5-1.7t0.5-1.8 0.2-1.4q0-0.9-0.5-1.5t-1.4-0.6q-1.1 0-1.9 1t-0.8 2.6q0 1.3 0.4 2.2l-1.8 7.5q-0.3 1.2-0.2 3.2-3.7-1.6-6-5t-2.3-7.6q0-3.7 1.9-6.9t5-5 6.9-1.9 6.9 1.9 5 5 1.8 6.9z\"\/><\/svg><\/span><span class=\"shariff-text\" style=\"color:#cb2027\">merken<\/span>&nbsp;<\/a><\/li><li class=\"shariff-button facebook shariff-nocustomcolor\" style=\"background-color:#4273c8\"><a href=\"https:\/\/www.facebook.com\/sharer\/sharer.php?u=http%3A%2F%2Fwww.andrae.org%2Fblog%2F2009%2F07%2F5-fragen-an%2F\" title=\"Bei Facebook teilen\" aria-label=\"Bei Facebook teilen\" role=\"button\" rel=\"nofollow\" class=\"shariff-link\" style=\"; background-color:#3b5998; color:#3b5998\" target=\"_blank\"><span class=\"shariff-icon\" style=\"fill:#3b5998\"><svg width=\"32px\" height=\"20px\" xmlns=\"http:\/\/www.w3.org\/2000\/svg\" viewBox=\"0 0 18 32\"><path fill=\"#3b5998\" d=\"M17.1 0.2v4.7h-2.8q-1.5 0-2.1 0.6t-0.5 1.9v3.4h5.2l-0.7 5.3h-4.5v13.6h-5.5v-13.6h-4.5v-5.3h4.5v-3.9q0-3.3 1.9-5.2t5-1.8q2.6 0 4.1 0.2z\"\/><\/svg><\/span><span class=\"shariff-text\" style=\"color:#3b5998\">teilen<\/span>&nbsp;<\/a><\/li><li class=\"shariff-button mailto shariff-nocustomcolor\" style=\"background-color:#a8a8a8\"><a href=\"mailto:?body=http%3A%2F%2Fwww.andrae.org%2Fblog%2F2009%2F07%2F5-fragen-an%2F&subject=5%20Fragen%20an%20%E2%80%A6\" title=\"Per E-Mail versenden\" aria-label=\"Per E-Mail versenden\" role=\"button\" rel=\"noopener nofollow\" class=\"shariff-link\" style=\"; background-color:#999; color:#999\"><span class=\"shariff-icon\" style=\"fill:#999\"><svg width=\"32px\" height=\"20px\" xmlns=\"http:\/\/www.w3.org\/2000\/svg\" viewBox=\"0 0 32 32\"><path fill=\"#999\" d=\"M32 12.7v14.2q0 1.2-0.8 2t-2 0.9h-26.3q-1.2 0-2-0.9t-0.8-2v-14.2q0.8 0.9 1.8 1.6 6.5 4.4 8.9 6.1 1 0.8 1.6 1.2t1.7 0.9 2 0.4h0.1q0.9 0 2-0.4t1.7-0.9 1.6-1.2q3-2.2 8.9-6.1 1-0.7 1.8-1.6zM32 7.4q0 1.4-0.9 2.7t-2.2 2.2q-6.7 4.7-8.4 5.8-0.2 0.1-0.7 0.5t-1 0.7-0.9 0.6-1.1 0.5-0.9 0.2h-0.1q-0.4 0-0.9-0.2t-1.1-0.5-0.9-0.6-1-0.7-0.7-0.5q-1.6-1.1-4.7-3.2t-3.6-2.6q-1.1-0.7-2.1-2t-1-2.5q0-1.4 0.7-2.3t2.1-0.9h26.3q1.2 0 2 0.8t0.9 2z\"\/><\/svg><\/span><span class=\"shariff-text\" style=\"color:#999\">E-Mail<\/span>&nbsp;<\/a><\/li><\/ul><\/div>","protected":false},"excerpt":{"rendered":"<p>Eigentlich hatte ich mir in einem fr\u00fcheren Bloggerleben einmal geschworen, keine St\u00f6ckchen mehr aufzuheben &#8211; aber bei so etwas seltenem wie einem Foto-St\u00f6ckchen konnte ich nicht widerstehen.<\/p>\n","protected":false},"author":3,"featured_media":0,"comment_status":"open","ping_status":"open","sticky":false,"template":"","format":"standard","meta":{"ngg_post_thumbnail":0,"footnotes":""},"categories":[4],"tags":[38,194,37],"class_list":["post-394","post","type-post","status-publish","format-standard","hentry","category-foto","tag-fragen","tag-kathmandu","tag-stoeckchen"],"_links":{"self":[{"href":"http:\/\/www.andrae.org\/blog\/wp-json\/wp\/v2\/posts\/394","targetHints":{"allow":["GET"]}}],"collection":[{"href":"http:\/\/www.andrae.org\/blog\/wp-json\/wp\/v2\/posts"}],"about":[{"href":"http:\/\/www.andrae.org\/blog\/wp-json\/wp\/v2\/types\/post"}],"author":[{"embeddable":true,"href":"http:\/\/www.andrae.org\/blog\/wp-json\/wp\/v2\/users\/3"}],"replies":[{"embeddable":true,"href":"http:\/\/www.andrae.org\/blog\/wp-json\/wp\/v2\/comments?post=394"}],"version-history":[{"count":31,"href":"http:\/\/www.andrae.org\/blog\/wp-json\/wp\/v2\/posts\/394\/revisions"}],"predecessor-version":[{"id":424,"href":"http:\/\/www.andrae.org\/blog\/wp-json\/wp\/v2\/posts\/394\/revisions\/424"}],"wp:attachment":[{"href":"http:\/\/www.andrae.org\/blog\/wp-json\/wp\/v2\/media?parent=394"}],"wp:term":[{"taxonomy":"category","embeddable":true,"href":"http:\/\/www.andrae.org\/blog\/wp-json\/wp\/v2\/categories?post=394"},{"taxonomy":"post_tag","embeddable":true,"href":"http:\/\/www.andrae.org\/blog\/wp-json\/wp\/v2\/tags?post=394"}],"curies":[{"name":"wp","href":"https:\/\/api.w.org\/{rel}","templated":true}]}}